{"id":788,"date":"2026-04-22T21:16:14","date_gmt":"2026-04-22T19:16:14","guid":{"rendered":"https:\/\/www.anabel.be\/web\/?p=788"},"modified":"2026-04-22T21:16:14","modified_gmt":"2026-04-22T19:16:14","slug":"roulers-berceau-des-flandriens-cyclisme-et-musee-koers-flandre-occidentale","status":"publish","type":"post","link":"https:\/\/www.anabel.be\/web\/roulers-berceau-des-flandriens-cyclisme-et-musee-koers-flandre-occidentale\/","title":{"rendered":"Roulers : berceau des Flandriens, cyclisme et mus\u00e9e KOERS | Flandre-Occidentale"},"content":{"rendered":"\n<!-- Fiche ville : Roulers \u2014 anabel.be\/web -->\n<!-- Meta title sugg\u00e9r\u00e9 : Roulers : berceau des Flandriens, cyclisme et mus\u00e9e KOERS | Flandre-Occidentale -->\n<!-- Meta description sugg\u00e9r\u00e9e : D\u00e9couvrez Roulers (Roeselare), capitale du cyclisme flamand : mus\u00e9e KOERS, champions du monde Monser\u00e9, Maertens, Sercu, Defraeye, Adrien Willaert, REO et mouvement flamand. Chef-lieu d'arrondissement. Guide complet. -->\n\n<style>\n  @import url('https:\/\/fonts.googleapis.com\/css2?family=Playfair+Display:ital,wght@0,400;0,600;0,700;1,400&family=Source+Sans+3:wght@300;400;600&display=swap');\n\n  .rsl-page {\n    font-family: 'Source Sans 3', sans-serif;\n    font-weight: 400;\n    color: #2c2c2c;\n    background: #faf8f4;\n    max-width: 860px;\n    margin: 0 auto;\n    padding: 0 0 48px 0;\n    line-height: 1.75;\n  }\n  .rsl-hero {\n    background: linear-gradient(135deg, #1a3a5c 0%, #2a5a8a 60%, #1e4a70 100%);\n    border-radius: 4px 4px 0 0;\n    padding: 40px 40px 32px 40px;\n    position: relative;\n    overflow: hidden;\n  }\n  .rsl-hero::before {\n    content: '';\n    position: absolute;\n    top: -30px; right: -30px;\n    width: 180px; height: 180px;\n    background: rgba(212,175,55,0.12);\n    border-radius: 50%;\n  }\n  .rsl-hero-label {\n    font-family: 'Source Sans 3', sans-serif;\n    font-size: 11px;\n    font-weight: 600;\n    letter-spacing: 2.5px;\n    text-transform: uppercase;\n    color: #d4af37;\n    margin-bottom: 8px;\n  }\n  .rsl-hero h1 {\n    font-family: 'Playfair Display', serif;\n    font-size: clamp(22px, 4vw, 32px);\n    font-weight: 700;\n    color: #ffffff;\n    margin: 0 0 12px 0;\n    line-height: 1.25;\n  }\n  .rsl-hero-intro {\n    font-size: 14.5px;\n    color: rgba(255,255,255,0.82);\n    max-width: 620px;\n    margin: 0;\n    font-weight: 300;\n    line-height: 1.65;\n  }\n  .rsl-badges {\n    display: flex;\n    flex-wrap: wrap;\n    gap: 10px;\n    background: #1a3a5c;\n    padding: 14px 40px;\n    border-bottom: 3px solid #d4af37;\n  }\n  .rsl-badge {\n    display: flex;\n    align-items: center;\n    gap: 6px;\n    background: rgba(255,255,255,0.10);\n    border: 1px solid rgba(212,175,55,0.35);\n    border-radius: 20px;\n    padding: 4px 12px;\n    font-size: 12.5px;\n    color: #e8e0cc;\n    font-family: 'Source Sans 3', sans-serif;\n  }\n  .rsl-badge span.ico { font-size: 14px; }\n  .rsl-body { padding: 36px 40px 0 40px; }\n  .rsl-stats {\n    display: grid;\n    grid-template-columns: repeat(auto-fit, minmax(130px, 1fr));\n    gap: 12px;\n    background: #eef4fb;\n    border: 1px solid #c2d8ee;\n    border-left: 4px solid #d4af37;\n    border-radius: 4px;\n    padding: 20px 22px;\n    margin-bottom: 32px;\n  }\n  .rsl-stat-item { text-align: center; }\n  .rsl-stat-value {\n    font-family: 'Playfair Display', serif;\n    font-size: 22px;\n    font-weight: 700;\n    color: #1a3a5c;\n    display: block;\n  }\n  .rsl-stat-label {\n    font-size: 11.5px;\n    color: #556;\n    text-transform: uppercase;\n    letter-spacing: 0.8px;\n    font-weight: 600;\n  }\n  .rsl-section { margin-bottom: 36px; }\n  .rsl-section h2 {\n    font-family: 'Playfair Display', serif;\n    font-size: 20px;\n    font-weight: 700;\n    color: #1a3a5c;\n    border-bottom: 2px solid #d4af37;\n    padding-bottom: 6px;\n    margin: 0 0 18px 0;\n  }\n  .rsl-section h3 {\n    font-family: 'Playfair Display', serif;\n    font-size: 16px;\n    font-weight: 600;\n    font-style: italic;\n    color: #2a5a8a;\n    margin: 0 0 10px 0;\n  }\n  .rsl-section p {\n    font-size: 15px;\n    margin: 0 0 14px 0;\n    color: #333;\n  }\n  .rsl-section p strong { color: #1a3a5c; font-weight: 600; }\n  .rsl-section p em { color: #2a5a8a; font-style: italic; }\n  .rsl-list {\n    list-style: none;\n    padding: 0;\n    margin: 0 0 14px 0;\n    display: grid;\n    grid-template-columns: repeat(auto-fit, minmax(240px, 1fr));\n    gap: 6px 16px;\n  }\n  .rsl-list li {\n    font-size: 14.5px;\n    color: #333;\n    padding: 5px 0 5px 20px;\n    position: relative;\n    border-bottom: 1px dotted #d4c88a;\n  }\n  .rsl-list li::before {\n    content: '\u25b8';\n    color: #d4af37;\n    position: absolute;\n    left: 0;\n    font-size: 12px;\n    top: 7px;\n  }\n  .rsl-list li strong { color: #1a3a5c; font-weight: 600; }\n  .rsl-highlight {\n    background: #fff9ec;\n    border: 1px solid #e8d87a;\n    border-left: 4px solid #d4af37;\n    border-radius: 4px;\n    padding: 16px 20px;\n    margin-bottom: 20px;\n    font-size: 14.5px;\n    color: #443a00;\n    font-style: italic;\n    line-height: 1.65;\n  }\n  .rsl-duo {\n    display: grid;\n    grid-template-columns: 1fr 1fr;\n    gap: 16px;\n    margin-bottom: 16px;\n  }\n  .rsl-duo-col {\n    background: #eef4fb;\n    border: 1px solid #c2d8ee;\n    border-radius: 4px;\n    padding: 14px 16px;\n  }\n  .rsl-duo-col h4 {\n    font-family: 'Playfair Display', serif;\n    font-size: 13.5px;\n    font-weight: 600;\n    color: #1a3a5c;\n    margin: 0 0 8px 0;\n    text-transform: uppercase;\n    letter-spacing: 0.6px;\n  }\n  .rsl-duo-col p {\n    font-size: 13.5px;\n    color: #444;\n    margin: 0;\n    line-height: 1.6;\n  }\n  .rsl-conclusion {\n    background: linear-gradient(135deg, #1a3a5c, #2a5a8a);\n    border-radius: 4px;\n    padding: 24px 28px;\n    margin-top: 8px;\n  }\n  .rsl-conclusion p {\n    color: rgba(255,255,255,0.88);\n    font-size: 14.5px;\n    margin: 0;\n    line-height: 1.7;\n    font-style: italic;\n  }\n  .rsl-conclusion p strong { color: #d4af37; }\n  .rsl-footer {\n    margin-top: 18px;\n    padding-top: 12px;\n    border-top: 1px solid #d4c88a;\n    font-size: 11.5px;\n    color: #999;\n    text-align: right;\n    font-style: italic;\n  }\n  @media (max-width: 600px) {\n    .rsl-hero, .rsl-body { padding-left: 20px; padding-right: 20px; }\n    .rsl-badges { padding: 12px 20px; }\n    .rsl-duo { grid-template-columns: 1fr; }\n    .rsl-list { grid-template-columns: 1fr; }\n  }\n<\/style>\n\n<div class=\"rsl-page\">\n\n  <div class=\"rsl-hero\">\n    <div class=\"rsl-hero-label\">Fiche ville \u00b7 Belgique<\/div>\n    <h1>Roulers<br><span style=\"font-size:0.6em;font-weight:400;opacity:0.85\">Roeselare \u2014 Berceau des Flandriens, capitale flamande du cyclisme<\/span><\/h1>\n    <p class=\"rsl-hero-intro\">Au c\u0153ur de la Flandre-Occidentale, entre Bruges, Courtrai et Ypres, Roulers (<em>Roeselare<\/em> en n\u00e9erlandais) est une ville de commer\u00e7ants, d&rsquo;industriels et de champions cyclistes. Connue comme <em>le pays natal des Flandriens<\/em>, elle a donn\u00e9 au peloton mondial plusieurs champions du monde et le premier Belge vainqueur du Tour de France. Son mus\u00e9e <strong>KOERS<\/strong> est le temple belge de la petite reine.<\/p>\n  <\/div>\n\n  <div class=\"rsl-badges\">\n    <div class=\"rsl-badge\"><span class=\"ico\">\ud83c\udfdb\ufe0f<\/span> Chef-lieu d&rsquo;arrondissement \u00b7 Flandre-Occ.<\/div>\n    <div class=\"rsl-badge\"><span class=\"ico\">\ud83d\uddfa\ufe0f<\/span> Province de Flandre-Occidentale \u00b7 Flandre<\/div>\n    <div class=\"rsl-badge\"><span class=\"ico\">\ud83d\udc65<\/span> ~67 000 hab.<\/div>\n    <div class=\"rsl-badge\"><span class=\"ico\">\ud83d\udeb4<\/span> Berceau des Flandriens<\/div>\n    <div class=\"rsl-badge\"><span class=\"ico\">\ud83c\udfc6<\/span> Mus\u00e9e KOERS \u2014 cyclisme<\/div>\n    <div class=\"rsl-badge\"><span class=\"ico\">\ud83e\udd66<\/span> Plus grande halle aux l\u00e9gumes de Flandre<\/div>\n  <\/div>\n\n  <div class=\"rsl-body\">\n\n    <div class=\"rsl-stats\">\n      <div class=\"rsl-stat-item\">\n        <span class=\"rsl-stat-value\">822<\/span>\n        <span class=\"rsl-stat-label\">1<sup>re<\/sup> mention \u00e9crite<\/span>\n      <\/div>\n      <div class=\"rsl-stat-item\">\n        <span class=\"rsl-stat-value\">1250<\/span>\n        <span class=\"rsl-stat-label\">Charte communale<\/span>\n      <\/div>\n      <div class=\"rsl-stat-item\">\n        <span class=\"rsl-stat-value\">67 000<\/span>\n        <span class=\"rsl-stat-label\">Habitants<\/span>\n      <\/div>\n      <div class=\"rsl-stat-item\">\n        <span class=\"rsl-stat-value\">1912<\/span>\n        <span class=\"rsl-stat-label\">Defraeye, 1<sup>er<\/sup> Belge au Tour<\/span>\n      <\/div>\n      <div class=\"rsl-stat-item\">\n        <span class=\"rsl-stat-value\">4+<\/span>\n        <span class=\"rsl-stat-label\">Champions du monde cyclisme n\u00e9s ici<\/span>\n      <\/div>\n      <div class=\"rsl-stat-item\">\n        <span class=\"rsl-stat-value\">1490<\/span>\n        <span class=\"rsl-stat-label\">Naissance d&rsquo;Adrien Willaert<\/span>\n      <\/div>\n    <\/div>\n\n    <div class=\"rsl-section\">\n      <h2>Histoire et patrimoine<\/h2>\n      <h3>De \u00ab Roslar \u00bb \u00e0 Roulers : dix si\u00e8cles de commerce et d&rsquo;industrie<\/h3>\n      <p>Le nom de Roulers d\u00e9rive de deux radicaux germaniques : <em>roes<\/em> (jonc) et <em>hlar<\/em> (friche) \u2014 la \u00ab lande \u00e0 joncs \u00bb. Mentionn\u00e9 d\u00e8s <strong>822<\/strong> dans une dotation pour le monast\u00e8re Saint-Amand, le bourg devient au X<sup>e<\/sup> si\u00e8cle un centre industriel et commercial actif. En <strong>1250<\/strong>, il obtient une charte communale. Un beffroi et une grande halle aux draps sont \u00e9rig\u00e9s sur la place du march\u00e9 en <strong>1260<\/strong>, symboles de la prosp\u00e9rit\u00e9 drapi\u00e8re m\u00e9di\u00e9vale. La ville change plusieurs fois de mains \u2014 comt\u00e9 de Flandre, Habsbourg, France \u2014 et est ravag\u00e9e par l&rsquo;arm\u00e9e autrichienne sous Maximilien I<sup>er<\/sup> (1488 et 1492) et par la fureur iconoclaste (1566). L&rsquo;industrie drapi\u00e8re, nagu\u00e8re florissante, dispara\u00eet lors de la guerre de Quatre-Vingts Ans, entra\u00eenant un long d\u00e9clin \u00e9conomique.<\/p>\n      <p>Au XIX<sup>e<\/sup> si\u00e8cle, Roulers se r\u00e9invente autour du textile, de l&rsquo;agroalimentaire et du commerce r\u00e9gional. Les ann\u00e9es 1960 voient l&rsquo;ouverture de la <strong>REO<\/strong> \u2014 halle aux l\u00e9gumes et aux fruits qui est aujourd&rsquo;hui la <strong>plus grande de Flandre<\/strong> \u2014 confirmant le r\u00f4le de Roulers comme plaque tournante agricole et commerciale de la Flandre-Occidentale int\u00e9rieure.<\/p>\n\n      <div class=\"rsl-highlight\">\n        Le <strong>Petit S\u00e9minaire de Roulers<\/strong>, fond\u00e9 \u00e0 l&rsquo;\u00e9poque napol\u00e9onienne, est une institution embl\u00e9matique du mouvement flamand. C&rsquo;est l\u00e0 que trois figures majeures du renouveau culturel flamand ont \u00e9tudi\u00e9 ou enseign\u00e9 : le po\u00e8te <strong>Guido Gezelle<\/strong> (1830\u20131899), son disciple <strong>Hugo Verriest<\/strong> et le jeune romancier-po\u00e8te <strong>Albrecht Rodenbach<\/strong> (1856\u20131880), figure l\u00e9gendaire de l&rsquo;id\u00e9alisme flamand mort \u00e0 23 ans. Cette convergence fait de Roulers un foyer intellectuel du XIX<sup>e<\/sup> si\u00e8cle flamand d&rsquo;une importance disproportionn\u00e9e \u00e0 sa taille.\n      <\/div>\n    <\/div>\n\n    <div class=\"rsl-section\">\n      <h2>La Premi\u00e8re Guerre mondiale \u00e0 Roulers<\/h2>\n      <p>D\u00e8s le <strong>19 octobre 1914<\/strong>, l&rsquo;arm\u00e9e imp\u00e9riale allemande ex\u00e9cute 31 civils et d\u00e9truit 252 b\u00e2timents lors des atrocit\u00e9s du d\u00e9but de l&rsquo;invasion. Pendant toute la dur\u00e9e du conflit, Roulers sert de si\u00e8ge au commandement allemand de la r\u00e9gion et est abondamment bombard\u00e9e par l&rsquo;artillerie britannique, qui cherche \u00e0 d\u00e9truire ce n\u0153ud logistique arri\u00e8re. La ville est lib\u00e9r\u00e9e en <strong>octobre 1918<\/strong> lors de l&rsquo;offensive finale alli\u00e9e \u2014 les troupes allemandes, dans leur retraite, incendient des b\u00e2timents et font sauter ponts et voies ferr\u00e9es. Pratiquement ras\u00e9e, Roulers est int\u00e9gralement reconstruite dans l&rsquo;entre-deux-guerres avant de subir \u00e0 nouveau les affres du second conflit mondial, dont elle sort relativement moins endommag\u00e9e. C&rsquo;est une arm\u00e9e <strong>polonaise<\/strong> qui la lib\u00e8re en septembre 1944.<\/p>\n    <\/div>\n\n    <div class=\"rsl-section\">\n      <h2>Roulers, berceau des Flandriens<\/h2>\n      <p>Dans le cyclisme mondial, le terme <strong>Flandrien<\/strong> d\u00e9signe le coureur robuste, endurci par les pav\u00e9s et les vents de Flandre, capable de tenir dans les conditions les plus difficiles. Et le berceau de cette tradition ? Roulers. La ville et sa r\u00e9gion ont produit une concentration extraordinaire de champions :<\/p>\n      <ul class=\"rsl-list\">\n        <li><strong>Odiel Defraeye<\/strong> (1888\u20131965) \u2014 1<sup>er<\/sup> Belge vainqueur du Tour de France (1912)<\/li>\n        <li><strong>Jean-Pierre Monser\u00e9<\/strong> (1948\u20131971) \u2014 Champion du monde 1970, mort en course<\/li>\n        <li><strong>Benoni Beheyt<\/strong> (1940\u2013) \u2014 Champion du monde 1963<\/li>\n        <li><strong>Patrick Sercu<\/strong> (1944\u20132019) \u2014 Champion du monde sur piste, 88 victoires en 6 jours<\/li>\n        <li><strong>Freddy Maertens<\/strong> (1952\u2013) \u2014 Champion du monde 1976 et 1981, 57 \u00e9tapes de Grand Tour<\/li>\n        <li><strong>Frederik Deburghgraeve<\/strong> (1973\u2013) \u2014 M\u00e9daill\u00e9 d&rsquo;or olympique en natation (Atlanta 1996)<\/li>\n      <\/ul>\n\n      <h3>KOERS \u2014 Mus\u00e9e de la Course Cycliste<\/h3>\n      <p>Install\u00e9 dans une ancienne caserne de pompiers n\u00e9oclassique de la <em>Polenplein<\/em> (1899\u20131902), le mus\u00e9e <strong>KOERS<\/strong> est le mus\u00e9e national du cyclisme belge. Rouvert en <strong>2018<\/strong> apr\u00e8s une compl\u00e8te r\u00e9novation, il propose un parcours interactif et immersif \u00e0 travers l&rsquo;histoire du v\u00e9lo et de la course : un mur de pav\u00e9s \u00e0 90\u00b0, un <em>Service Course<\/em> rempli de v\u00e9los de course, des troph\u00e9es, maillots et archives. Une salle enti\u00e8re est consacr\u00e9e \u00e0 <strong>Jean-Pierre Monser\u00e9<\/strong>, champion du monde en titre mort tragiquement dans un accident de course en 1971. Le mus\u00e9e est aussi le point de d\u00e9part id\u00e9al pour des balades cyclistes dans la r\u00e9gion, avec des v\u00e9los vintage \u00e0 louer sur place.<\/p>\n    <\/div>\n\n    <div class=\"rsl-section\">\n      <h2>Adrien Willaert : gloire musicale m\u00e9connue<\/h2>\n      <p>N\u00e9 \u00e0 Roulers vers <strong>1490<\/strong>, <strong>Adrien Willaert<\/strong> (\u20201562) est l&rsquo;un des compositeurs les plus importants de la Renaissance europ\u00e9enne. Form\u00e9 \u00e0 Paris puis \u00e9tabli \u00e0 Venise, il devient en <strong>1527<\/strong> <em>maestro di cappella<\/em> de la basilique Saint-Marc \u2014 poste le plus prestigieux de la musique sacr\u00e9e en Europe. Pionnier de la <strong>musique polyphonique<\/strong> et de la <em>cori spezzati<\/em> (ch\u0153urs oppos\u00e9s dans l&rsquo;espace), il fonde la c\u00e9l\u00e8bre \u00e9cole v\u00e9nitienne dont Monteverdi sera l&rsquo;h\u00e9ritier. C&rsquo;est lui qui a introduit la musique flamande dans la tradition italienne, formant une g\u00e9n\u00e9ration enti\u00e8re de compositeurs \u00e0 Venise. Roulers porte son nom dans l&rsquo;une de ses acad\u00e9mies d&rsquo;arts.<\/p>\n    <\/div>\n\n    <div class=\"rsl-section\">\n      <h2>\u00c9conomie, culture et vie contemporaine<\/h2>\n      <div class=\"rsl-duo\">\n        <div class=\"rsl-duo-col\">\n          <h4>\ud83e\udd66 La REO et l&rsquo;agroalimentaire<\/h4>\n          <p>La <strong>REO<\/strong> (halle aux l\u00e9gumes et aux fruits) ouverte dans les ann\u00e9es 1960 est aujourd&rsquo;hui la <strong>plus grande de Flandre<\/strong>. Roulers est \u00e9galement un p\u00f4le r\u00e9gional de l&rsquo;industrie agroalimentaire (chicor\u00e9e, transformation alimentaire) et de l&rsquo;\u00e9lectronique industrielle. Le <strong>Roularta Media Group<\/strong>, maison d&rsquo;\u00e9dition de presse nationale, y a son si\u00e8ge.<\/p>\n        <\/div>\n        <div class=\"rsl-duo-col\">\n          <h4>\ud83c\udfd0 Knack Roeselare<\/h4>\n          <p>Le club de volley-ball <strong>Knack Roeselare<\/strong> est l&rsquo;un des clubs les plus titr\u00e9s de Belgique et participe r\u00e9guli\u00e8rement \u00e0 la Ligue des Champions CEV. Sa salle Schiervelde est un temple du volley flamand. Le <strong>v\u00e9lodrome Defraeye-Sercu<\/strong>, construit en hommage aux deux champions locaux, compl\u00e8te l&rsquo;offre sportive de la ville.<\/p>\n        <\/div>\n      <\/div>\n    <\/div>\n\n    <div class=\"rsl-conclusion\">\n      <p>Roulers n&rsquo;est pas une ville-mus\u00e9e. C&rsquo;est une ville de travail, d&rsquo;initiative et de comp\u00e9tition \u2014 une ville qui a produit des champions du monde \u00e0 la cha\u00eene, un compositeur de g\u00e9nie \u00e0 la Renaissance, des po\u00e8tes qui ont r\u00e9veill\u00e9 la conscience flamande et des commer\u00e7ants qui alimentent la Flandre en l\u00e9gumes frais. La <strong>patrie des Flandriens<\/strong> m\u00e9rite d&rsquo;\u00eatre connue pour ce qu&rsquo;elle est vraiment : une ville fi\u00e8re, discr\u00e8te et solide, au c\u0153ur battant de la Flandre-Occidentale.<\/p>\n    <\/div>\n\n    <div class=\"rsl-footer\">Source : anabel.be\/web \u2014 Fiche ville Roulers (Roeselare)<\/div>\n\n  <\/div>\n<\/div>\n\n","protected":false},"excerpt":{"rendered":"<p>Fiche ville \u00b7 Belgique RoulersRoeselare \u2014 Berceau des Flandriens, capitale flamande du cyclisme Au c\u0153ur de la Flandre-Occidentale, entre Bruges, Courtrai et Ypres, Roulers (Roeselare en n\u00e9erlandais) est une ville de commer\u00e7ants, d&rsquo;industriels et de champions cyclistes. Connue comme le pays natal des Flandriens, elle a donn\u00e9 au peloton mondial plusieurs champions du monde et [&hellip;]<\/p>\n","protected":false},"author":1,"featured_media":0,"comment_status":"open","ping_status":"open","sticky":false,"template":"","format":"standard","meta":{"_jetpack_memberships_contains_paid_content":false,"footnotes":""},"categories":[70],"tags":[41,69,57,71],"class_list":["post-788","post","type-post","status-publish","format-standard","hentry","category-decouvertes","tag-communes","tag-decouverte","tag-histoire","tag-tourisme"],"jetpack_featured_media_url":"","jetpack_sharing_enabled":true,"_links":{"self":[{"href":"https:\/\/www.anabel.be\/web\/wp-json\/wp\/v2\/posts\/788","targetHints":{"allow":["GET"]}}],"collection":[{"href":"https:\/\/www.anabel.be\/web\/wp-json\/wp\/v2\/posts"}],"about":[{"href":"https:\/\/www.anabel.be\/web\/wp-json\/wp\/v2\/types\/post"}],"author":[{"embeddable":true,"href":"https:\/\/www.anabel.be\/web\/wp-json\/wp\/v2\/users\/1"}],"replies":[{"embeddable":true,"href":"https:\/\/www.anabel.be\/web\/wp-json\/wp\/v2\/comments?post=788"}],"version-history":[{"count":1,"href":"https:\/\/www.anabel.be\/web\/wp-json\/wp\/v2\/posts\/788\/revisions"}],"predecessor-version":[{"id":789,"href":"https:\/\/www.anabel.be\/web\/wp-json\/wp\/v2\/posts\/788\/revisions\/789"}],"wp:attachment":[{"href":"https:\/\/www.anabel.be\/web\/wp-json\/wp\/v2\/media?parent=788"}],"wp:term":[{"taxonomy":"category","embeddable":true,"href":"https:\/\/www.anabel.be\/web\/wp-json\/wp\/v2\/categories?post=788"},{"taxonomy":"post_tag","embeddable":true,"href":"https:\/\/www.anabel.be\/web\/wp-json\/wp\/v2\/tags?post=788"}],"curies":[{"name":"wp","href":"https:\/\/api.w.org\/{rel}","templated":true}]}}