{"id":786,"date":"2026-04-22T21:14:20","date_gmt":"2026-04-22T19:14:20","guid":{"rendered":"https:\/\/www.anabel.be\/web\/?p=786"},"modified":"2026-04-22T21:14:20","modified_gmt":"2026-04-22T19:14:20","slug":"seraing-berceau-de-la-revolution-industrielle-belge-cockerill-et-cristal-val-saint-lambert-liege","status":"publish","type":"post","link":"https:\/\/www.anabel.be\/web\/seraing-berceau-de-la-revolution-industrielle-belge-cockerill-et-cristal-val-saint-lambert-liege\/","title":{"rendered":"Seraing : berceau de la r\u00e9volution industrielle belge, Cockerill et cristal Val-Saint-Lambert | Li\u00e8ge"},"content":{"rendered":"\n<!-- Fiche ville : Seraing \u2014 anabel.be\/web -->\n<!-- Meta title sugg\u00e9r\u00e9 : Seraing : berceau de la r\u00e9volution industrielle belge, Cockerill et cristal Val-Saint-Lambert | Li\u00e8ge -->\n<!-- Meta description sugg\u00e9r\u00e9e : D\u00e9couvrez Seraing, ville de John Cockerill et du cristal Val-Saint-Lambert : ch\u00e2teau des princes-\u00e9v\u00eaques, berceau de la sid\u00e9rurgie mondiale, ville des fr\u00e8res Dardenne et reconversion urbaine en cours. Guide complet. -->\n\n<style>\n  @import url('https:\/\/fonts.googleapis.com\/css2?family=Playfair+Display:ital,wght@0,400;0,600;0,700;1,400&family=Source+Sans+3:wght@300;400;600&display=swap');\n\n  .srg-page {\n    font-family: 'Source Sans 3', sans-serif;\n    font-weight: 400;\n    color: #2c2c2c;\n    background: #faf8f4;\n    max-width: 860px;\n    margin: 0 auto;\n    padding: 0 0 48px 0;\n    line-height: 1.75;\n  }\n  .srg-hero {\n    background: linear-gradient(135deg, #1a3a5c 0%, #2a5a8a 60%, #1e4a70 100%);\n    border-radius: 4px 4px 0 0;\n    padding: 40px 40px 32px 40px;\n    position: relative;\n    overflow: hidden;\n  }\n  .srg-hero::before {\n    content: '';\n    position: absolute;\n    top: -30px; right: -30px;\n    width: 180px; height: 180px;\n    background: rgba(212,175,55,0.12);\n    border-radius: 50%;\n  }\n  .srg-hero-label {\n    font-family: 'Source Sans 3', sans-serif;\n    font-size: 11px;\n    font-weight: 600;\n    letter-spacing: 2.5px;\n    text-transform: uppercase;\n    color: #d4af37;\n    margin-bottom: 8px;\n  }\n  .srg-hero h1 {\n    font-family: 'Playfair Display', serif;\n    font-size: clamp(22px, 4vw, 32px);\n    font-weight: 700;\n    color: #ffffff;\n    margin: 0 0 12px 0;\n    line-height: 1.25;\n  }\n  .srg-hero-intro {\n    font-size: 14.5px;\n    color: rgba(255,255,255,0.82);\n    max-width: 620px;\n    margin: 0;\n    font-weight: 300;\n    line-height: 1.65;\n  }\n  .srg-badges {\n    display: flex;\n    flex-wrap: wrap;\n    gap: 10px;\n    background: #1a3a5c;\n    padding: 14px 40px;\n    border-bottom: 3px solid #d4af37;\n  }\n  .srg-badge {\n    display: flex;\n    align-items: center;\n    gap: 6px;\n    background: rgba(255,255,255,0.10);\n    border: 1px solid rgba(212,175,55,0.35);\n    border-radius: 20px;\n    padding: 4px 12px;\n    font-size: 12.5px;\n    color: #e8e0cc;\n    font-family: 'Source Sans 3', sans-serif;\n  }\n  .srg-badge span.ico { font-size: 14px; }\n  .srg-body { padding: 36px 40px 0 40px; }\n  .srg-stats {\n    display: grid;\n    grid-template-columns: repeat(auto-fit, minmax(130px, 1fr));\n    gap: 12px;\n    background: #eef4fb;\n    border: 1px solid #c2d8ee;\n    border-left: 4px solid #d4af37;\n    border-radius: 4px;\n    padding: 20px 22px;\n    margin-bottom: 32px;\n  }\n  .srg-stat-item { text-align: center; }\n  .srg-stat-value {\n    font-family: 'Playfair Display', serif;\n    font-size: 22px;\n    font-weight: 700;\n    color: #1a3a5c;\n    display: block;\n  }\n  .srg-stat-label {\n    font-size: 11.5px;\n    color: #556;\n    text-transform: uppercase;\n    letter-spacing: 0.8px;\n    font-weight: 600;\n  }\n  .srg-section { margin-bottom: 36px; }\n  .srg-section h2 {\n    font-family: 'Playfair Display', serif;\n    font-size: 20px;\n    font-weight: 700;\n    color: #1a3a5c;\n    border-bottom: 2px solid #d4af37;\n    padding-bottom: 6px;\n    margin: 0 0 18px 0;\n  }\n  .srg-section h3 {\n    font-family: 'Playfair Display', serif;\n    font-size: 16px;\n    font-weight: 600;\n    font-style: italic;\n    color: #2a5a8a;\n    margin: 0 0 10px 0;\n  }\n  .srg-section p {\n    font-size: 15px;\n    margin: 0 0 14px 0;\n    color: #333;\n  }\n  .srg-section p strong { color: #1a3a5c; font-weight: 600; }\n  .srg-section p em { color: #2a5a8a; font-style: italic; }\n  .srg-list {\n    list-style: none;\n    padding: 0;\n    margin: 0 0 14px 0;\n    display: grid;\n    grid-template-columns: repeat(auto-fit, minmax(240px, 1fr));\n    gap: 6px 16px;\n  }\n  .srg-list li {\n    font-size: 14.5px;\n    color: #333;\n    padding: 5px 0 5px 20px;\n    position: relative;\n    border-bottom: 1px dotted #d4c88a;\n  }\n  .srg-list li::before {\n    content: '\u25b8';\n    color: #d4af37;\n    position: absolute;\n    left: 0;\n    font-size: 12px;\n    top: 7px;\n  }\n  .srg-list li strong { color: #1a3a5c; font-weight: 600; }\n  .srg-highlight {\n    background: #fff9ec;\n    border: 1px solid #e8d87a;\n    border-left: 4px solid #d4af37;\n    border-radius: 4px;\n    padding: 16px 20px;\n    margin-bottom: 20px;\n    font-size: 14.5px;\n    color: #443a00;\n    font-style: italic;\n    line-height: 1.65;\n  }\n  .srg-duo {\n    display: grid;\n    grid-template-columns: 1fr 1fr;\n    gap: 16px;\n    margin-bottom: 16px;\n  }\n  .srg-duo-col {\n    background: #eef4fb;\n    border: 1px solid #c2d8ee;\n    border-radius: 4px;\n    padding: 14px 16px;\n  }\n  .srg-duo-col h4 {\n    font-family: 'Playfair Display', serif;\n    font-size: 13.5px;\n    font-weight: 600;\n    color: #1a3a5c;\n    margin: 0 0 8px 0;\n    text-transform: uppercase;\n    letter-spacing: 0.6px;\n  }\n  .srg-duo-col p {\n    font-size: 13.5px;\n    color: #444;\n    margin: 0;\n    line-height: 1.6;\n  }\n  .srg-conclusion {\n    background: linear-gradient(135deg, #1a3a5c, #2a5a8a);\n    border-radius: 4px;\n    padding: 24px 28px;\n    margin-top: 8px;\n  }\n  .srg-conclusion p {\n    color: rgba(255,255,255,0.88);\n    font-size: 14.5px;\n    margin: 0;\n    line-height: 1.7;\n    font-style: italic;\n  }\n  .srg-conclusion p strong { color: #d4af37; }\n  .srg-footer {\n    margin-top: 18px;\n    padding-top: 12px;\n    border-top: 1px solid #d4c88a;\n    font-size: 11.5px;\n    color: #999;\n    text-align: right;\n    font-style: italic;\n  }\n  @media (max-width: 600px) {\n    .srg-hero, .srg-body { padding-left: 20px; padding-right: 20px; }\n    .srg-badges { padding: 12px 20px; }\n    .srg-duo { grid-template-columns: 1fr; }\n    .srg-list { grid-template-columns: 1fr; }\n  }\n<\/style>\n\n<div class=\"srg-page\">\n\n  <div class=\"srg-hero\">\n    <div class=\"srg-hero-label\">Fiche ville \u00b7 Belgique<\/div>\n    <h1>Seraing<br><span style=\"font-size:0.6em;font-weight:400;opacity:0.85\">Berceau de la r\u00e9volution industrielle belge \u2014 Cockerill, acier et cristal sur la Meuse<\/span><\/h1>\n    <p class=\"srg-hero-intro\">\u00c0 quelques kilom\u00e8tres en amont de Li\u00e8ge, sur les rives de la Meuse, Seraing n&rsquo;\u00e9tait qu&rsquo;un bourg de 2 000 agriculteurs lorsque <strong>John Cockerill<\/strong> s&rsquo;y installa en 1817. En un demi-si\u00e8cle, il en fit le foyer de la r\u00e9volution industrielle en Europe continentale et porta la Belgique au rang de deuxi\u00e8me puissance \u00e9conomique mondiale. Aujourd&rsquo;hui, la ville se forge un nouvel avenir.<\/p>\n  <\/div>\n\n  <div class=\"srg-badges\">\n    <div class=\"srg-badge\"><span class=\"ico\">\ud83c\udfed<\/span> Berceau de la sid\u00e9rurgie mondiale<\/div>\n    <div class=\"srg-badge\"><span class=\"ico\">\ud83d\uddfa\ufe0f<\/span> Province de Li\u00e8ge \u00b7 Wallonie<\/div>\n    <div class=\"srg-badge\"><span class=\"ico\">\ud83d\udc65<\/span> ~61 000 hab.<\/div>\n    <div class=\"srg-badge\"><span class=\"ico\">\ud83c\udff0<\/span> Ch\u00e2teau des princes-\u00e9v\u00eaques \u00b7 Cockerill<\/div>\n    <div class=\"srg-badge\"><span class=\"ico\">\ud83d\udc8e<\/span> Cristalleries Val-Saint-Lambert (1826)<\/div>\n    <div class=\"srg-badge\"><span class=\"ico\">\ud83c\udfac<\/span> Ville des fr\u00e8res Dardenne<\/div>\n  <\/div>\n\n  <div class=\"srg-body\">\n\n    <div class=\"srg-stats\">\n      <div class=\"srg-stat-item\">\n        <span class=\"srg-stat-value\">1817<\/span>\n        <span class=\"srg-stat-label\">Arriv\u00e9e de John Cockerill<\/span>\n      <\/div>\n      <div class=\"srg-stat-item\">\n        <span class=\"srg-stat-value\">1826<\/span>\n        <span class=\"srg-stat-label\">1<sup>er<\/sup> haut-fourneau \u00e0 coke (Belgique)<\/span>\n      <\/div>\n      <div class=\"srg-stat-item\">\n        <span class=\"srg-stat-value\">61 000<\/span>\n        <span class=\"srg-stat-label\">Habitants<\/span>\n      <\/div>\n      <div class=\"srg-stat-item\">\n        <span class=\"srg-stat-value\">2<sup>e<\/sup><\/span>\n        <span class=\"srg-stat-label\">Puissance \u00e9co. mondiale (XIX<sup>e<\/sup> s.)<\/span>\n      <\/div>\n      <div class=\"srg-stat-item\">\n        <span class=\"srg-stat-value\">200 ans<\/span>\n        <span class=\"srg-stat-label\">De cristal Val-Saint-Lambert<\/span>\n      <\/div>\n      <div class=\"srg-stat-item\">\n        <span class=\"srg-stat-value\">2\u00d7<\/span>\n        <span class=\"srg-stat-label\">Palme d&rsquo;or (fr\u00e8res Dardenne)<\/span>\n      <\/div>\n    <\/div>\n\n    <div class=\"srg-section\">\n      <h2>John Cockerill et la r\u00e9volution industrielle<\/h2>\n      <h3>Le 29 janvier 1817 : un jour qui change l&rsquo;histoire de l&rsquo;Europe<\/h3>\n      <p>Quand <strong>John Cockerill<\/strong> (1790\u20131840) et son fr\u00e8re Charles-James rach\u00e8tent \u00e0 <strong>Guillaume I<sup>er<\/sup> des Pays-Bas<\/strong> l&rsquo;ancienne r\u00e9sidence d&rsquo;\u00e9t\u00e9 des <strong>princes-\u00e9v\u00eaques de Li\u00e8ge<\/strong> \u00e0 Seraing, en janvier 1817, ils posent la premi\u00e8re pierre de la r\u00e9volution industrielle en Europe continentale. Le site est id\u00e9al : la Meuse assure le transport des mati\u00e8res premi\u00e8res et des produits, le charbon affleure le sol, et les for\u00eats des collines fournissent le bois. John y installe d&rsquo;abord une filature et des ateliers de machines \u00e0 vapeur, puis en <strong>1826<\/strong> allume le <strong>premier haut-fourneau \u00e0 coke de Belgique<\/strong> \u2014 une innovation d\u00e9cisive. Il y ajoute fonderies, forges, laminoirs et ateliers de construction m\u00e9canique, cr\u00e9ant le <strong>premier complexe industriel int\u00e9gr\u00e9 au monde<\/strong>.<\/p>\n      <p>L&#8217;empire Cockerill produit des locomotives, des rails, des chaudi\u00e8res, des canons et des ponts pour l&rsquo;Europe enti\u00e8re. Ce sont les ateliers de Seraing qui fournissent les rails et locomotives de la <strong>premi\u00e8re ligne de chemin de fer du continent<\/strong> (Bruxelles\u2013Malines, 1835), et qui fondent le <strong>Lion de Waterloo<\/strong> (28 tonnes, 1826). \u00c0 la fin du XIX<sup>e<\/sup> si\u00e8cle, la Belgique est la deuxi\u00e8me puissance \u00e9conomique mondiale derri\u00e8re l&rsquo;Angleterre, et le PIB de la seule Wallonie d\u00e9passe celui des \u00c9tats-Unis. Seraing en est le moteur principal. Cockerill meurt \u00e0 Varsovie en <strong>1840<\/strong>, \u00e0 49 ans, de la fi\u00e8vre typho\u00efde. Sa statue de bronze tr\u00f4ne depuis 1871 devant l&rsquo;h\u00f4tel de ville, o\u00f9 reposent ses cendres.<\/p>\n\n      <div class=\"srg-highlight\">\n        En passant par Seraing en 1842, <strong>Victor Hugo<\/strong> note dans son carnet : <em>\u00ab Figure extraordinaire et effrayante que prend le paysage \u00e0 la nuit tomb\u00e9e [\u2026] deux rondes prunelles de feu \u00e9clatent et resplendissent comme des yeux de tigre. \u00bb<\/em> Ces yeux de tigre, c&rsquo;\u00e9taient les hauts-fourneaux de Cockerill. La description de Hugo saisit mieux que tout discours la puissance et l&rsquo;\u00e9tranget\u00e9 du paysage industriel que Seraing avait cr\u00e9\u00e9 en vingt-cinq ans.\n      <\/div>\n\n      <h3>L&rsquo;\u00e9pop\u00e9e Cockerill-Sambre jusqu&rsquo;\u00e0 ArcelorMittal<\/h3>\n      <p>Apr\u00e8s la mort de John Cockerill, la <em>Soci\u00e9t\u00e9 anonyme John Cockerill<\/em> devient en quelques d\u00e9cennies <strong>la plus puissante entreprise au monde<\/strong>. Le XX<sup>e<\/sup> si\u00e8cle voit une succession de fusions et d&rsquo;expansions : Cockerill-Ougr\u00e9e, puis en <strong>1981<\/strong> la fusion avec Hainaut-Sambre pour former <strong>Cockerill-Sambre<\/strong>, g\u00e9ant de l&rsquo;acier employant 65 000 personnes. Rachet\u00e9 par Usinor en <strong>1998<\/strong>, int\u00e9gr\u00e9 \u00e0 Arcelor puis \u00e0 <strong>ArcelorMittal<\/strong>, le site de Seraing r\u00e9duit progressivement ses activit\u00e9s. La phase \u00e0 chaud est d\u00e9finitivement arr\u00eat\u00e9e en <strong>2011\u20132012<\/strong>, marquant la fin d&rsquo;une \u00e9poque. Depuis, la reconversion des immenses friches industrielles en bord de Meuse est l&rsquo;un des plus grands chantiers urbains de Wallonie.<\/p>\n    <\/div>\n\n    <div class=\"srg-section\">\n      <h2>Le Val-Saint-Lambert : 200 ans de cristal<\/h2>\n      <p>En <strong>1826<\/strong>, alors que Cockerill allume son premier haut-fourneau, Guillaume I<sup>er<\/sup> fait \u00e9galement venir \u00e0 Seraing deux verriers form\u00e9s aux cristalleries de Von\u00eache pour installer une cristallerie dans les b\u00e2timents de l&rsquo;<strong>ancienne abbaye cistercienne du Val-Saint-Lambert<\/strong>, fond\u00e9e vers l&rsquo;an 1200 et d\u00e9truite par les troupes napol\u00e9oniennes. La <strong>Cristallerie du Val-Saint-Lambert<\/strong> y acquiert rapidement une r\u00e9putation mondiale pour la qualit\u00e9 et le raffinement de ses productions : vases, carafes, coupes et verres de table s&rsquo;exportent dans toutes les cours d&rsquo;Europe. Aujourd&rsquo;hui, le ch\u00e2teau abbatial abrite le <strong>mus\u00e9e du Val-Saint-Lambert<\/strong>, qui retrace 200 ans d&rsquo;histoire du verre et du cristal avec une galerie de pr\u00e8s de 250 pi\u00e8ces, des d\u00e9monstrations de soufflage de verre par les artisans et des installations artistiques de l&rsquo;artiste belge Bernard Tirtiaux.<\/p>\n    <\/div>\n\n    <div class=\"srg-section\">\n      <h2>Tourisme et patrimoine<\/h2>\n      <ul class=\"srg-list\">\n        <li><strong>Ch\u00e2teau Cockerill<\/strong> \u2014 ancienne r\u00e9sidence des princes-\u00e9v\u00eaques, si\u00e8ge de CMI<\/li>\n        <li><strong>Statue de John Cockerill<\/strong> \u2014 place Communale, face \u00e0 l&rsquo;h\u00f4tel de ville<\/li>\n        <li><strong>Mus\u00e9e du Val-Saint-Lambert<\/strong> \u2014 cristal, verre, 200 ans d&rsquo;histoire, soufflage<\/li>\n        <li><strong>Cristallerie Val-Saint-Lambert<\/strong> \u2014 atelier en activit\u00e9, boutique<\/li>\n        <li><strong>Ch\u00e2teau abbatial Val-Saint-Lambert<\/strong> \u2014 cadre cistercien, jardin des Moines<\/li>\n        <li><strong>Fort de Boncelles<\/strong> \u2014 fort de position de la Premi\u00e8re Guerre mondiale<\/li>\n        <li><strong>Bords de Meuse<\/strong> \u2014 quais, promenades, paysage industriel et naturel m\u00eal\u00e9s<\/li>\n        <li><strong>Halles Cockerill<\/strong> \u2014 en cours de reconversion en temple de la gastronomie<\/li>\n        <li><strong>Anciens sites sid\u00e9rurgiques<\/strong> \u2014 en pleine mutation urbaine<\/li>\n      <\/ul>\n    <\/div>\n\n    <div class=\"srg-section\">\n      <h2>Seraing, ville des fr\u00e8res Dardenne<\/h2>\n      <p>Les cin\u00e9astes <strong>Luc et Jean-Pierre Dardenne<\/strong>, natifs de la r\u00e9gion li\u00e9geoise et enracin\u00e9s \u00e0 Seraing, ont fait de cette ville leur territoire de cr\u00e9ation. Trois de leurs films \u00e0 la r\u00e9putation internationale ont \u00e9t\u00e9 tourn\u00e9s \u00e0 Seraing et en forment le d\u00e9cor naturel : <em>Rosetta<\/em> (Palme d&rsquo;or 1999, avec \u00c9milie Dequenne), <em>Deux jours, une nuit<\/em> (avec Marion Cotillard, 2014) et <em>La Fille inconnue<\/em> (avec Ad\u00e8le Haenel, 2016). La d\u00e9sindustrialisation, la pr\u00e9carit\u00e9 ouvri\u00e8re et la dignit\u00e9 des travailleurs qui habitent l&rsquo;\u0153uvre des Dardenne sont indissociables du paysage humain de Seraing \u2014 la ville leur a rendu en quelque sorte la pareille en leur permettant de mettre ses r\u00e9alit\u00e9s en images dans le monde entier.<\/p>\n\n      <div class=\"srg-duo\">\n        <div class=\"srg-duo-col\">\n          <h4>\ud83c\udfd7\ufe0f Reconversion urbaine<\/h4>\n          <p>Depuis la fermeture des phases \u00e0 chaud en 2011\u20132012, Seraing engage l&rsquo;un des plus importants chantiers de reconversion urbaine de Wallonie, avec plus de 320 projets imbriqu\u00e9s. Les anciennes halles Cockerill du centre-ville sont en cours de transformation en espace gastronomique. Les friches en bord de Meuse s&rsquo;ouvrent progressivement sur les quartiers environnants.<\/p>\n        <\/div>\n        <div class=\"srg-duo-col\">\n          <h4>\ud83c\udf0d Immigration et m\u00e9moire ouvri\u00e8re<\/h4>\n          <p>D\u00e8s les ann\u00e9es 1950, Seraing a accueilli des vagues successives d&rsquo;immigration \u2014 Italiens, Espagnols, Polonais, Marocains, Turcs \u2014 venues donner leurs bras \u00e0 la sid\u00e9rurgie li\u00e9geoise. Cette diversit\u00e9, tiss\u00e9e dans la m\u00e9moire des quartiers ouvriers construits \u00e0 proximit\u00e9 des usines, fait partie int\u00e9grante de l&rsquo;identit\u00e9 s\u00e9r\u00e9sienne.<\/p>\n        <\/div>\n      <\/div>\n    <\/div>\n\n    <div class=\"srg-conclusion\">\n      <p>Seraing porte en elle l&rsquo;une des histoires les plus spectaculaires de la Belgique industrielle : celle d&rsquo;un village transform\u00e9 en quelques d\u00e9cennies en moteur \u00e9conomique de l&rsquo;Europe enti\u00e8re, par la seule volont\u00e9 d&rsquo;un m\u00e9canicien anglais et le feu de ses hauts-fourneaux. La ville qui inspira Victor Hugo et les fr\u00e8res Dardenne est aujourd&rsquo;hui \u00e0 un nouveau tournant \u2014 en train de se forger, patiemment, un <strong>avenir \u00e0 la hauteur de son pass\u00e9<\/strong>.<\/p>\n    <\/div>\n\n    <div class=\"srg-footer\">Source : anabel.be\/web \u2014 Fiche ville Seraing<\/div>\n\n  <\/div>\n<\/div>\n\n","protected":false},"excerpt":{"rendered":"<p>Fiche ville \u00b7 Belgique SeraingBerceau de la r\u00e9volution industrielle belge \u2014 Cockerill, acier et cristal sur la Meuse \u00c0 quelques kilom\u00e8tres en amont de Li\u00e8ge, sur les rives de la Meuse, Seraing n&rsquo;\u00e9tait qu&rsquo;un bourg de 2 000 agriculteurs lorsque John Cockerill s&rsquo;y installa en 1817. En un demi-si\u00e8cle, il en fit le foyer de [&hellip;]<\/p>\n","protected":false},"author":1,"featured_media":0,"comment_status":"open","ping_status":"open","sticky":false,"template":"","format":"standard","meta":{"_jetpack_memberships_contains_paid_content":false,"footnotes":""},"categories":[70],"tags":[41,69,57,71],"class_list":["post-786","post","type-post","status-publish","format-standard","hentry","category-decouvertes","tag-communes","tag-decouverte","tag-histoire","tag-tourisme"],"jetpack_featured_media_url":"","jetpack_sharing_enabled":true,"_links":{"self":[{"href":"https:\/\/www.anabel.be\/web\/wp-json\/wp\/v2\/posts\/786","targetHints":{"allow":["GET"]}}],"collection":[{"href":"https:\/\/www.anabel.be\/web\/wp-json\/wp\/v2\/posts"}],"about":[{"href":"https:\/\/www.anabel.be\/web\/wp-json\/wp\/v2\/types\/post"}],"author":[{"embeddable":true,"href":"https:\/\/www.anabel.be\/web\/wp-json\/wp\/v2\/users\/1"}],"replies":[{"embeddable":true,"href":"https:\/\/www.anabel.be\/web\/wp-json\/wp\/v2\/comments?post=786"}],"version-history":[{"count":1,"href":"https:\/\/www.anabel.be\/web\/wp-json\/wp\/v2\/posts\/786\/revisions"}],"predecessor-version":[{"id":787,"href":"https:\/\/www.anabel.be\/web\/wp-json\/wp\/v2\/posts\/786\/revisions\/787"}],"wp:attachment":[{"href":"https:\/\/www.anabel.be\/web\/wp-json\/wp\/v2\/media?parent=786"}],"wp:term":[{"taxonomy":"category","embeddable":true,"href":"https:\/\/www.anabel.be\/web\/wp-json\/wp\/v2\/categories?post=786"},{"taxonomy":"post_tag","embeddable":true,"href":"https:\/\/www.anabel.be\/web\/wp-json\/wp\/v2\/tags?post=786"}],"curies":[{"name":"wp","href":"https:\/\/api.w.org\/{rel}","templated":true}]}}