{"id":784,"date":"2026-04-22T21:13:05","date_gmt":"2026-04-22T19:13:05","guid":{"rendered":"https:\/\/www.anabel.be\/web\/?p=784"},"modified":"2026-04-22T21:13:06","modified_gmt":"2026-04-22T19:13:06","slug":"genk-ville-miniere-reconvertie-parc-national-hoge-kempen-et-diversite-culturelle-limbourg","status":"publish","type":"post","link":"https:\/\/www.anabel.be\/web\/genk-ville-miniere-reconvertie-parc-national-hoge-kempen-et-diversite-culturelle-limbourg\/","title":{"rendered":"Genk : ville mini\u00e8re reconvertie, Parc National Hoge Kempen et diversit\u00e9 culturelle | Limbourg"},"content":{"rendered":"\n<!-- Fiche ville : Genk \u2014 anabel.be\/web -->\n<!-- Meta title sugg\u00e9r\u00e9 : Genk : ville mini\u00e8re reconvertie, Parc National Hoge Kempen et diversit\u00e9 culturelle | Limbourg -->\n<!-- Meta description sugg\u00e9r\u00e9e : D\u00e9couvrez Genk, ville verte du Limbourg : C-mine, Bokrijk, Labiomista, Parc National de la Haute Campine, Fietsen door het Water, KRC Genk et plus de 100 nationalit\u00e9s. Guide complet. -->\n\n<style>\n  @import url('https:\/\/fonts.googleapis.com\/css2?family=Playfair+Display:ital,wght@0,400;0,600;0,700;1,400&family=Source+Sans+3:wght@300;400;600&display=swap');\n\n  .gnk-page {\n    font-family: 'Source Sans 3', sans-serif;\n    font-weight: 400;\n    color: #2c2c2c;\n    background: #faf8f4;\n    max-width: 860px;\n    margin: 0 auto;\n    padding: 0 0 48px 0;\n    line-height: 1.75;\n  }\n  .gnk-hero {\n    background: linear-gradient(135deg, #1a3a5c 0%, #2a5a8a 60%, #1e4a70 100%);\n    border-radius: 4px 4px 0 0;\n    padding: 40px 40px 32px 40px;\n    position: relative;\n    overflow: hidden;\n  }\n  .gnk-hero::before {\n    content: '';\n    position: absolute;\n    top: -30px; right: -30px;\n    width: 180px; height: 180px;\n    background: rgba(212,175,55,0.12);\n    border-radius: 50%;\n  }\n  .gnk-hero-label {\n    font-family: 'Source Sans 3', sans-serif;\n    font-size: 11px;\n    font-weight: 600;\n    letter-spacing: 2.5px;\n    text-transform: uppercase;\n    color: #d4af37;\n    margin-bottom: 8px;\n  }\n  .gnk-hero h1 {\n    font-family: 'Playfair Display', serif;\n    font-size: clamp(22px, 4vw, 32px);\n    font-weight: 700;\n    color: #ffffff;\n    margin: 0 0 12px 0;\n    line-height: 1.25;\n  }\n  .gnk-hero-intro {\n    font-size: 14.5px;\n    color: rgba(255,255,255,0.82);\n    max-width: 620px;\n    margin: 0;\n    font-weight: 300;\n    line-height: 1.65;\n  }\n  .gnk-badges {\n    display: flex;\n    flex-wrap: wrap;\n    gap: 10px;\n    background: #1a3a5c;\n    padding: 14px 40px;\n    border-bottom: 3px solid #d4af37;\n  }\n  .gnk-badge {\n    display: flex;\n    align-items: center;\n    gap: 6px;\n    background: rgba(255,255,255,0.10);\n    border: 1px solid rgba(212,175,55,0.35);\n    border-radius: 20px;\n    padding: 4px 12px;\n    font-size: 12.5px;\n    color: #e8e0cc;\n    font-family: 'Source Sans 3', sans-serif;\n  }\n  .gnk-badge span.ico { font-size: 14px; }\n  .gnk-body { padding: 36px 40px 0 40px; }\n  .gnk-stats {\n    display: grid;\n    grid-template-columns: repeat(auto-fit, minmax(130px, 1fr));\n    gap: 12px;\n    background: #eef4fb;\n    border: 1px solid #c2d8ee;\n    border-left: 4px solid #d4af37;\n    border-radius: 4px;\n    padding: 20px 22px;\n    margin-bottom: 32px;\n  }\n  .gnk-stat-item { text-align: center; }\n  .gnk-stat-value {\n    font-family: 'Playfair Display', serif;\n    font-size: 22px;\n    font-weight: 700;\n    color: #1a3a5c;\n    display: block;\n  }\n  .gnk-stat-label {\n    font-size: 11.5px;\n    color: #556;\n    text-transform: uppercase;\n    letter-spacing: 0.8px;\n    font-weight: 600;\n  }\n  .gnk-section { margin-bottom: 36px; }\n  .gnk-section h2 {\n    font-family: 'Playfair Display', serif;\n    font-size: 20px;\n    font-weight: 700;\n    color: #1a3a5c;\n    border-bottom: 2px solid #d4af37;\n    padding-bottom: 6px;\n    margin: 0 0 18px 0;\n  }\n  .gnk-section h3 {\n    font-family: 'Playfair Display', serif;\n    font-size: 16px;\n    font-weight: 600;\n    font-style: italic;\n    color: #2a5a8a;\n    margin: 0 0 10px 0;\n  }\n  .gnk-section p {\n    font-size: 15px;\n    margin: 0 0 14px 0;\n    color: #333;\n  }\n  .gnk-section p strong { color: #1a3a5c; font-weight: 600; }\n  .gnk-section p em { color: #2a5a8a; font-style: italic; }\n  .gnk-list {\n    list-style: none;\n    padding: 0;\n    margin: 0 0 14px 0;\n    display: grid;\n    grid-template-columns: repeat(auto-fit, minmax(240px, 1fr));\n    gap: 6px 16px;\n  }\n  .gnk-list li {\n    font-size: 14.5px;\n    color: #333;\n    padding: 5px 0 5px 20px;\n    position: relative;\n    border-bottom: 1px dotted #d4c88a;\n  }\n  .gnk-list li::before {\n    content: '\u25b8';\n    color: #d4af37;\n    position: absolute;\n    left: 0;\n    font-size: 12px;\n    top: 7px;\n  }\n  .gnk-list li strong { color: #1a3a5c; font-weight: 600; }\n  .gnk-highlight {\n    background: #fff9ec;\n    border: 1px solid #e8d87a;\n    border-left: 4px solid #d4af37;\n    border-radius: 4px;\n    padding: 16px 20px;\n    margin-bottom: 20px;\n    font-size: 14.5px;\n    color: #443a00;\n    font-style: italic;\n    line-height: 1.65;\n  }\n  .gnk-duo {\n    display: grid;\n    grid-template-columns: 1fr 1fr;\n    gap: 16px;\n    margin-bottom: 16px;\n  }\n  .gnk-duo-col {\n    background: #eef4fb;\n    border: 1px solid #c2d8ee;\n    border-radius: 4px;\n    padding: 14px 16px;\n  }\n  .gnk-duo-col h4 {\n    font-family: 'Playfair Display', serif;\n    font-size: 13.5px;\n    font-weight: 600;\n    color: #1a3a5c;\n    margin: 0 0 8px 0;\n    text-transform: uppercase;\n    letter-spacing: 0.6px;\n  }\n  .gnk-duo-col p {\n    font-size: 13.5px;\n    color: #444;\n    margin: 0;\n    line-height: 1.6;\n  }\n  .gnk-conclusion {\n    background: linear-gradient(135deg, #1a3a5c, #2a5a8a);\n    border-radius: 4px;\n    padding: 24px 28px;\n    margin-top: 8px;\n  }\n  .gnk-conclusion p {\n    color: rgba(255,255,255,0.88);\n    font-size: 14.5px;\n    margin: 0;\n    line-height: 1.7;\n    font-style: italic;\n  }\n  .gnk-conclusion p strong { color: #d4af37; }\n  .gnk-footer {\n    margin-top: 18px;\n    padding-top: 12px;\n    border-top: 1px solid #d4c88a;\n    font-size: 11.5px;\n    color: #999;\n    text-align: right;\n    font-style: italic;\n  }\n  @media (max-width: 600px) {\n    .gnk-hero, .gnk-body { padding-left: 20px; padding-right: 20px; }\n    .gnk-badges { padding: 12px 20px; }\n    .gnk-duo { grid-template-columns: 1fr; }\n    .gnk-list { grid-template-columns: 1fr; }\n  }\n<\/style>\n\n<div class=\"gnk-page\">\n\n  <div class=\"gnk-hero\">\n    <div class=\"gnk-hero-label\">Fiche ville \u00b7 Belgique<\/div>\n    <h1>Genk<br><span style=\"font-size:0.6em;font-weight:400;opacity:0.85\">Ville verte du Limbourg \u2014 De la mine au Parc National<\/span><\/h1>\n    <p class=\"gnk-hero-intro\">N\u00e9e du charbon au XX<sup>e<\/sup> si\u00e8cle, Genk est aujourd&rsquo;hui l&rsquo;une des villes les plus singuli\u00e8res de Flandre : une cit\u00e9 verte et multiculturelle qui a su transformer ses trois anciens charbonnages en p\u00f4les cr\u00e9atifs, culturels et technologiques, tout en s&rsquo;ouvrant sur le <strong>seul Parc National de Flandre<\/strong>. Avec plus de <strong>100 nationalit\u00e9s<\/strong> cohabitant dans ses quartiers-jardins, elle incarne une certaine id\u00e9e de la diversit\u00e9 limbourgeoise.<\/p>\n  <\/div>\n\n  <div class=\"gnk-badges\">\n    <div class=\"gnk-badge\"><span class=\"ico\">\ud83c\udf3f<\/span> Porte du Parc National Hoge Kempen<\/div>\n    <div class=\"gnk-badge\"><span class=\"ico\">\ud83d\uddfa\ufe0f<\/span> Province de Limbourg \u00b7 Flandre<\/div>\n    <div class=\"gnk-badge\"><span class=\"ico\">\ud83d\udc65<\/span> ~68 000 hab. \u00b7 100+ nationalit\u00e9s<\/div>\n    <div class=\"gnk-badge\"><span class=\"ico\">\u26cf\ufe0f<\/span> 3 anciens charbonnages reconvertis<\/div>\n    <div class=\"gnk-badge\"><span class=\"ico\">\u26bd<\/span> KRC Genk \u2014 4\u00d7 champion de Belgique<\/div>\n    <div class=\"gnk-badge\"><span class=\"ico\">\ud83d\udeb4<\/span> Fietsen door het Water \u00b7 Bokrijk<\/div>\n  <\/div>\n\n  <div class=\"gnk-body\">\n\n    <div class=\"gnk-stats\">\n      <div class=\"gnk-stat-item\">\n        <span class=\"gnk-stat-value\">1917<\/span>\n        <span class=\"gnk-stat-label\">1<sup>re<\/sup> mine (Winterslag)<\/span>\n      <\/div>\n      <div class=\"gnk-stat-item\">\n        <span class=\"gnk-stat-value\">68 000<\/span>\n        <span class=\"gnk-stat-label\">Habitants (2025)<\/span>\n      <\/div>\n      <div class=\"gnk-stat-item\">\n        <span class=\"gnk-stat-value\">100+<\/span>\n        <span class=\"gnk-stat-label\">Nationalit\u00e9s repr\u00e9sent\u00e9es<\/span>\n      <\/div>\n      <div class=\"gnk-stat-item\">\n        <span class=\"gnk-stat-value\">1988<\/span>\n        <span class=\"gnk-stat-label\">Fermeture derni\u00e8re mine<\/span>\n      <\/div>\n      <div class=\"gnk-stat-item\">\n        <span class=\"gnk-stat-value\">12 000 ha<\/span>\n        <span class=\"gnk-stat-label\">Parc National Hoge Kempen<\/span>\n      <\/div>\n      <div class=\"gnk-stat-item\">\n        <span class=\"gnk-stat-value\">550 ha<\/span>\n        <span class=\"gnk-stat-label\">Domaine de Bokrijk<\/span>\n      <\/div>\n    <\/div>\n\n    <div class=\"gnk-section\">\n      <h2>Histoire : une ville n\u00e9e du charbon<\/h2>\n      <h3>De village agricole \u00e0 m\u00e9tropole mini\u00e8re en quelques d\u00e9cennies<\/h3>\n      <p>Jusqu&rsquo;au d\u00e9but du XX<sup>e<\/sup> si\u00e8cle, Genk n&rsquo;est qu&rsquo;un bourg agricole paisible de la Campine limbourgeoise. Tout change avec la d\u00e9couverte de charbon sous la r\u00e9gion : la mine de <strong>Winterslag<\/strong> d\u00e9marre sa production en <strong>1917<\/strong>, suivie de celles de <strong>Waterschei<\/strong> et de <strong>Zwartberg<\/strong>. En quelques d\u00e9cennies, la ville se transforme radicalement. Des dizaines de milliers d&rsquo;ouvriers affluent de toute l&rsquo;Europe \u2014 d&rsquo;Italie, d&rsquo;Espagne, de Pologne, de Turquie, du Maroc \u2014 attir\u00e9s par le travail dans les mines. Ces vagues d&rsquo;immigration successives font de Genk l&rsquo;une des villes les plus cosmopolites de Belgique, avec aujourd&rsquo;hui plus de <strong>100 nationalit\u00e9s<\/strong> cohabitant dans ses <em>quartiers-jardins<\/em> \u2014 ces cit\u00e9s ouvri\u00e8res planifi\u00e9es autour des puits, caract\u00e9ristiques du paysage urbain de Genk.<\/p>\n      <p>En <strong>1988<\/strong>, la derni\u00e8re mine ferme ses portes, laissant une ville face \u00e0 un d\u00e9fi de reconversion industrielle et sociale. Genk rel\u00e8ve ce d\u00e9fi avec une vision : transformer les trois sites miniers en autant de p\u00f4les d&rsquo;avenir, tout en pr\u00e9servant la m\u00e9moire et le paysage industriel. <strong>Ford<\/strong> s&rsquo;\u00e9tait install\u00e9 \u00e0 Genk d\u00e8s les ann\u00e9es 1960, employant des milliers de travailleurs jusqu&rsquo;\u00e0 la fermeture de l&rsquo;usine en <strong>2014<\/strong>, nouvelle \u00e9preuve absorb\u00e9e par la r\u00e9silience \u00e9conomique de la ville.<\/p>\n\n      <div class=\"gnk-highlight\">\n        Les <strong>quartiers-jardins<\/strong> (<em>tuinwijken<\/em>) de Genk sont un h\u00e9ritage architectural et social unique : ces cit\u00e9s ouvri\u00e8res planifi\u00e9es, construites par les soci\u00e9t\u00e9s charbonni\u00e8res autour de chaque mine, sont caract\u00e9ris\u00e9es par des maisons individuelles avec jardins, des coop\u00e9ratives, des \u00e9coles et des \u00e9quipements collectifs. Ils constituent aujourd&rsquo;hui des quartiers vivants et multiculturels qui illustrent mieux que tout autre chose l&rsquo;histoire humaine de la ville mini\u00e8re.\n      <\/div>\n    <\/div>\n\n    <div class=\"gnk-section\">\n      <h2>Les trois anciens charbonnages reconvertis<\/h2>\n      <h3>C-mine : le c\u0153ur culturel<\/h3>\n      <p>L&rsquo;ancienne mine de <strong>Winterslag<\/strong> (production 1917\u20131988) est devenue <strong>C-mine<\/strong>, le p\u00f4le culturel et cr\u00e9atif de Genk. Class\u00e9 patrimoine prot\u00e9g\u00e9 en 1993, le site conserve ses b\u00e2timents n\u00e9o-classiques et n\u00e9o-flamands construits entre 1912 et 1925, ses deux chevalements de puits (le plus ancien de 1916, le plus r\u00e9cent de 1963), et son atmosph\u00e8re industrielle intacte. Aujourd&rsquo;hui, C-mine abrite des salles de spectacle, des espaces d&rsquo;exposition, un cin\u00e9ma, et une <strong>exp\u00e9rience immersive souterraine<\/strong> qui plonge les visiteurs dans la r\u00e9alit\u00e9 du travail \u00e0 la mine. Son labyrinthe ext\u00e9rieur est devenu l&rsquo;une des images les plus photographi\u00e9es de la ville.<\/p>\n\n      <h3>Thor Park : le p\u00f4le technologique<\/h3>\n      <p>L&rsquo;ancienne mine de <strong>Waterschei<\/strong> a \u00e9t\u00e9 reconvertie en <strong>Thor Park<\/strong>, un parc technologique et \u00e9nerg\u00e9tique qui accueille des entreprises innovantes dans les domaines du num\u00e9rique, de l&rsquo;\u00e9nergie durable et de l&rsquo;industrie 4.0. <strong>Thor Central<\/strong>, l&rsquo;imposante salle des machines restaur\u00e9e, est devenu un lieu d&rsquo;\u00e9v\u00e9nements alliant grandeur industrielle et modernit\u00e9. Une exposition permanente (<em>Mijndepot<\/em>) retrace l&rsquo;histoire de la mine gr\u00e2ce \u00e0 des objets, films et t\u00e9moignages d&rsquo;anciens mineurs.<\/p>\n\n      <h3>Labiomista : l&rsquo;art et la biodiversit\u00e9<\/h3>\n      <p>L&rsquo;ancien site de <strong>Zwartberg<\/strong> a \u00e9t\u00e9 transform\u00e9 par l&rsquo;artiste <strong>Koen Vanmechelen<\/strong> en <strong>Labiomista<\/strong>, un projet artistique \u00e9volutif unique en son genre, \u00e0 la crois\u00e9e de l&rsquo;art contemporain, du monde sauvage et de la diversit\u00e9 bioculturelle. Le site abrite des animaux, des installations artistiques en plein air et un questionnement permanent sur l&rsquo;identit\u00e9, la fertilit\u00e9 et la diversit\u00e9 \u2014 une m\u00e9taphore vivante de Genk elle-m\u00eame.<\/p>\n    <\/div>\n\n    <div class=\"gnk-section\">\n      <h2>Nature : le Parc National de la Haute Campine<\/h2>\n      <p>Genk est l&rsquo;une des portes d&rsquo;entr\u00e9e principales du <strong>Parc National de la Haute Campine<\/strong> (<em>Nationaal Park Hoge Kempen<\/em>) \u2014 le <strong>seul Parc National de Flandre<\/strong>. Ce vaste espace prot\u00e9g\u00e9 de plus de <strong>12 000 hectares<\/strong> de for\u00eats de pins, de landes \u00e0 bruy\u00e8re, d&rsquo;\u00e9tangs et de paysages post-industriels s&rsquo;\u00e9tend autour de Genk et de Maasmechelen. Les portes d&rsquo;acc\u00e8s depuis Genk \u2014 <strong>Kattevennen<\/strong> et <strong>Thor Park<\/strong> \u2014 offrent des dizaines de kilom\u00e8tres de sentiers balis\u00e9s, des terrils \u00e0 escalader pour des vues panoramiques, et la magie des landes en fleurs chaque fin d&rsquo;\u00e9t\u00e9.<\/p>\n    <\/div>\n\n    <div class=\"gnk-section\">\n      <h2>Tourisme et attractions incontournables<\/h2>\n      <ul class=\"gnk-list\">\n        <li><strong>C-mine<\/strong> \u2014 ancienne mine Winterslag, culture, labyrinthe, descente<\/li>\n        <li><strong>Bokrijk<\/strong> \u2014 mus\u00e9e en plein air 550 ha, vie flamande d&rsquo;antan, arboretum<\/li>\n        <li><strong>Fietsen door het Water<\/strong> \u2014 piste cyclable \u00e0 travers un \u00e9tang (Bokrijk)<\/li>\n        <li><strong>Parc National Hoge Kempen<\/strong> \u2014 seul parc national de Flandre, 12 000 ha<\/li>\n        <li><strong>Labiomista<\/strong> \u2014 art, biodiversit\u00e9, Koen Vanmechelen (Zwartberg)<\/li>\n        <li><strong>Thor Park<\/strong> \u2014 technologie, innovation, salle des machines Thor Central<\/li>\n        <li><strong>Terhills \/ Connecterra<\/strong> \u2014 terrils du Parc National, vue panoramique<\/li>\n        <li><strong>Cosmodrome<\/strong> \u2014 astronomie, cin\u00e9ma 360\u00b0, Kattevennen<\/li>\n        <li><strong>Quartiers-jardins<\/strong> \u2014 tuinwijken, patrimoine architectural ouvrier<\/li>\n        <li><strong>De Wijers<\/strong> \u2014 paysage de 1001 \u00e9tangs entre Genk et Hasselt<\/li>\n        <li><strong>KRC Genk<\/strong> \u2014 Luminus Arena, 4\u00d7 champion de Belgique<\/li>\n        <li><strong>Vennestraat<\/strong> \u2014 art\u00e8re cosmopolite, saveurs du monde<\/li>\n      <\/ul>\n    <\/div>\n\n    <div class=\"gnk-section\">\n      <h2>Diversit\u00e9 et identit\u00e9 genkoises<\/h2>\n      <div class=\"gnk-duo\">\n        <div class=\"gnk-duo-col\">\n          <h4>\ud83c\udf0d 100 nationalit\u00e9s sous un m\u00eame toit<\/h4>\n          <p>G\u00e9n\u00e9ration apr\u00e8s g\u00e9n\u00e9ration, les vagues d&rsquo;immigration mini\u00e8re ont b\u00e2ti une ville \u00e0 nulle autre pareille en Flandre. Italiens, Turcs, Marocains, Polonais, Espagnols et des dizaines d&rsquo;autres communaut\u00e9s ont tiss\u00e9 le tissu social de Genk. Les <em>Genkse koekjes<\/em> \u2014 des biscuits propos\u00e9s en versions belge, turque, italienne et polonaise \u2014 symbolisent avec humour cette richesse multiculturelle.<\/p>\n        <\/div>\n        <div class=\"gnk-duo-col\">\n          <h4>\u26bd KRC Genk, fiert\u00e9 du Limbourg<\/h4>\n          <p>Le <strong>KRC Genk<\/strong> est le club de football le plus titr\u00e9 du Limbourg : <strong>4 titres de champion de Belgique<\/strong> (2002, 2011, 2019, 2021), 4 coupes, et des participations r\u00e9guli\u00e8res aux coupes europ\u00e9ennes. La <strong>Luminus Arena<\/strong> (25 000 places) est le stade le plus grand du Limbourg et l&rsquo;un des plus modernes de Belgique.<\/p>\n        <\/div>\n      <\/div>\n    <\/div>\n\n    <div class=\"gnk-conclusion\">\n      <p>Genk est la preuve vivante qu&rsquo;une ville peut rena\u00eetre de ses cendres \u2014 ou plut\u00f4t de sa suie. En une g\u00e9n\u00e9ration, elle a transform\u00e9 ses terrils en belv\u00e9d\u00e8res, ses puits de mine en sc\u00e8nes culturelles et ses quartiers ouvriers en laboratoires de la cohabitation. Cette <strong>ville verte et multiculturelle<\/strong>, aux portes du seul Parc National flamand, est l&rsquo;une des r\u00e9ussites les plus remarquables de la reconversion industrielle en Belgique.<\/p>\n    <\/div>\n\n    <div class=\"gnk-footer\">Source : anabel.be\/web \u2014 Fiche ville Genk<\/div>\n\n  <\/div>\n<\/div>\n\n","protected":false},"excerpt":{"rendered":"<p>Fiche ville \u00b7 Belgique GenkVille verte du Limbourg \u2014 De la mine au Parc National N\u00e9e du charbon au XXe si\u00e8cle, Genk est aujourd&rsquo;hui l&rsquo;une des villes les plus singuli\u00e8res de Flandre : une cit\u00e9 verte et multiculturelle qui a su transformer ses trois anciens charbonnages en p\u00f4les cr\u00e9atifs, culturels et technologiques, tout en s&rsquo;ouvrant [&hellip;]<\/p>\n","protected":false},"author":1,"featured_media":0,"comment_status":"open","ping_status":"open","sticky":false,"template":"","format":"standard","meta":{"_jetpack_memberships_contains_paid_content":false,"footnotes":""},"categories":[70],"tags":[41,69,57,71],"class_list":["post-784","post","type-post","status-publish","format-standard","hentry","category-decouvertes","tag-communes","tag-decouverte","tag-histoire","tag-tourisme"],"jetpack_featured_media_url":"","jetpack_sharing_enabled":true,"_links":{"self":[{"href":"https:\/\/www.anabel.be\/web\/wp-json\/wp\/v2\/posts\/784","targetHints":{"allow":["GET"]}}],"collection":[{"href":"https:\/\/www.anabel.be\/web\/wp-json\/wp\/v2\/posts"}],"about":[{"href":"https:\/\/www.anabel.be\/web\/wp-json\/wp\/v2\/types\/post"}],"author":[{"embeddable":true,"href":"https:\/\/www.anabel.be\/web\/wp-json\/wp\/v2\/users\/1"}],"replies":[{"embeddable":true,"href":"https:\/\/www.anabel.be\/web\/wp-json\/wp\/v2\/comments?post=784"}],"version-history":[{"count":1,"href":"https:\/\/www.anabel.be\/web\/wp-json\/wp\/v2\/posts\/784\/revisions"}],"predecessor-version":[{"id":785,"href":"https:\/\/www.anabel.be\/web\/wp-json\/wp\/v2\/posts\/784\/revisions\/785"}],"wp:attachment":[{"href":"https:\/\/www.anabel.be\/web\/wp-json\/wp\/v2\/media?parent=784"}],"wp:term":[{"taxonomy":"category","embeddable":true,"href":"https:\/\/www.anabel.be\/web\/wp-json\/wp\/v2\/categories?post=784"},{"taxonomy":"post_tag","embeddable":true,"href":"https:\/\/www.anabel.be\/web\/wp-json\/wp\/v2\/tags?post=784"}],"curies":[{"name":"wp","href":"https:\/\/api.w.org\/{rel}","templated":true}]}}