{"id":782,"date":"2026-04-22T21:11:22","date_gmt":"2026-04-22T19:11:22","guid":{"rendered":"https:\/\/www.anabel.be\/web\/?p=782"},"modified":"2026-04-22T21:11:22","modified_gmt":"2026-04-22T19:11:22","slug":"tournai-premiere-capitale-de-france-cathedrale-et-beffroi-unesco-hainaut-occidental","status":"publish","type":"post","link":"https:\/\/www.anabel.be\/web\/tournai-premiere-capitale-de-france-cathedrale-et-beffroi-unesco-hainaut-occidental\/","title":{"rendered":"Tournai : premi\u00e8re capitale de France, cath\u00e9drale et beffroi UNESCO | Hainaut occidental"},"content":{"rendered":"\n<!-- Fiche ville : Tournai \u2014 anabel.be\/web -->\n<!-- Meta title sugg\u00e9r\u00e9 : Tournai : premi\u00e8re capitale de France, cath\u00e9drale et beffroi UNESCO | Hainaut occidental -->\n<!-- Meta description sugg\u00e9r\u00e9e : D\u00e9couvrez Tournai, plus ancienne cit\u00e9 de Belgique francophone : cath\u00e9drale Notre-Dame UNESCO aux cinq tours, beffroi UNESCO le plus ancien de Belgique, berceau m\u00e9rovingien, Van der Weyden, tapisseries, porcelaine et Pont des Trous. Guide complet. -->\n\n<style>\n  @import url('https:\/\/fonts.googleapis.com\/css2?family=Playfair+Display:ital,wght@0,400;0,600;0,700;1,400&family=Source+Sans+3:wght@300;400;600&display=swap');\n\n  .trn-page {\n    font-family: 'Source Sans 3', sans-serif;\n    font-weight: 400;\n    color: #2c2c2c;\n    background: #faf8f4;\n    max-width: 860px;\n    margin: 0 auto;\n    padding: 0 0 48px 0;\n    line-height: 1.75;\n  }\n  .trn-hero {\n    background: linear-gradient(135deg, #1a3a5c 0%, #2a5a8a 60%, #1e4a70 100%);\n    border-radius: 4px 4px 0 0;\n    padding: 40px 40px 32px 40px;\n    position: relative;\n    overflow: hidden;\n  }\n  .trn-hero::before {\n    content: '';\n    position: absolute;\n    top: -30px; right: -30px;\n    width: 180px; height: 180px;\n    background: rgba(212,175,55,0.12);\n    border-radius: 50%;\n  }\n  .trn-hero-label {\n    font-family: 'Source Sans 3', sans-serif;\n    font-size: 11px;\n    font-weight: 600;\n    letter-spacing: 2.5px;\n    text-transform: uppercase;\n    color: #d4af37;\n    margin-bottom: 8px;\n  }\n  .trn-hero h1 {\n    font-family: 'Playfair Display', serif;\n    font-size: clamp(22px, 4vw, 32px);\n    font-weight: 700;\n    color: #ffffff;\n    margin: 0 0 12px 0;\n    line-height: 1.25;\n  }\n  .trn-hero-intro {\n    font-size: 14.5px;\n    color: rgba(255,255,255,0.82);\n    max-width: 620px;\n    margin: 0;\n    font-weight: 300;\n    line-height: 1.65;\n  }\n  .trn-badges {\n    display: flex;\n    flex-wrap: wrap;\n    gap: 10px;\n    background: #1a3a5c;\n    padding: 14px 40px;\n    border-bottom: 3px solid #d4af37;\n  }\n  .trn-badge {\n    display: flex;\n    align-items: center;\n    gap: 6px;\n    background: rgba(255,255,255,0.10);\n    border: 1px solid rgba(212,175,55,0.35);\n    border-radius: 20px;\n    padding: 4px 12px;\n    font-size: 12.5px;\n    color: #e8e0cc;\n    font-family: 'Source Sans 3', sans-serif;\n  }\n  .trn-badge span.ico { font-size: 14px; }\n  .trn-body { padding: 36px 40px 0 40px; }\n  .trn-stats {\n    display: grid;\n    grid-template-columns: repeat(auto-fit, minmax(130px, 1fr));\n    gap: 12px;\n    background: #eef4fb;\n    border: 1px solid #c2d8ee;\n    border-left: 4px solid #d4af37;\n    border-radius: 4px;\n    padding: 20px 22px;\n    margin-bottom: 32px;\n  }\n  .trn-stat-item { text-align: center; }\n  .trn-stat-value {\n    font-family: 'Playfair Display', serif;\n    font-size: 22px;\n    font-weight: 700;\n    color: #1a3a5c;\n    display: block;\n  }\n  .trn-stat-label {\n    font-size: 11.5px;\n    color: #556;\n    text-transform: uppercase;\n    letter-spacing: 0.8px;\n    font-weight: 600;\n  }\n  .trn-section { margin-bottom: 36px; }\n  .trn-section h2 {\n    font-family: 'Playfair Display', serif;\n    font-size: 20px;\n    font-weight: 700;\n    color: #1a3a5c;\n    border-bottom: 2px solid #d4af37;\n    padding-bottom: 6px;\n    margin: 0 0 18px 0;\n  }\n  .trn-section h3 {\n    font-family: 'Playfair Display', serif;\n    font-size: 16px;\n    font-weight: 600;\n    font-style: italic;\n    color: #2a5a8a;\n    margin: 0 0 10px 0;\n  }\n  .trn-section p {\n    font-size: 15px;\n    margin: 0 0 14px 0;\n    color: #333;\n  }\n  .trn-section p strong { color: #1a3a5c; font-weight: 600; }\n  .trn-section p em { color: #2a5a8a; font-style: italic; }\n  .trn-list {\n    list-style: none;\n    padding: 0;\n    margin: 0 0 14px 0;\n    display: grid;\n    grid-template-columns: repeat(auto-fit, minmax(240px, 1fr));\n    gap: 6px 16px;\n  }\n  .trn-list li {\n    font-size: 14.5px;\n    color: #333;\n    padding: 5px 0 5px 20px;\n    position: relative;\n    border-bottom: 1px dotted #d4c88a;\n  }\n  .trn-list li::before {\n    content: '\u25b8';\n    color: #d4af37;\n    position: absolute;\n    left: 0;\n    font-size: 12px;\n    top: 7px;\n  }\n  .trn-list li strong { color: #1a3a5c; font-weight: 600; }\n  .trn-highlight {\n    background: #fff9ec;\n    border: 1px solid #e8d87a;\n    border-left: 4px solid #d4af37;\n    border-radius: 4px;\n    padding: 16px 20px;\n    margin-bottom: 20px;\n    font-size: 14.5px;\n    color: #443a00;\n    font-style: italic;\n    line-height: 1.65;\n  }\n  .trn-duo {\n    display: grid;\n    grid-template-columns: 1fr 1fr;\n    gap: 16px;\n    margin-bottom: 16px;\n  }\n  .trn-duo-col {\n    background: #eef4fb;\n    border: 1px solid #c2d8ee;\n    border-radius: 4px;\n    padding: 14px 16px;\n  }\n  .trn-duo-col h4 {\n    font-family: 'Playfair Display', serif;\n    font-size: 13.5px;\n    font-weight: 600;\n    color: #1a3a5c;\n    margin: 0 0 8px 0;\n    text-transform: uppercase;\n    letter-spacing: 0.6px;\n  }\n  .trn-duo-col p {\n    font-size: 13.5px;\n    color: #444;\n    margin: 0;\n    line-height: 1.6;\n  }\n  .trn-conclusion {\n    background: linear-gradient(135deg, #1a3a5c, #2a5a8a);\n    border-radius: 4px;\n    padding: 24px 28px;\n    margin-top: 8px;\n  }\n  .trn-conclusion p {\n    color: rgba(255,255,255,0.88);\n    font-size: 14.5px;\n    margin: 0;\n    line-height: 1.7;\n    font-style: italic;\n  }\n  .trn-conclusion p strong { color: #d4af37; }\n  .trn-footer {\n    margin-top: 18px;\n    padding-top: 12px;\n    border-top: 1px solid #d4c88a;\n    font-size: 11.5px;\n    color: #999;\n    text-align: right;\n    font-style: italic;\n  }\n  @media (max-width: 600px) {\n    .trn-hero, .trn-body { padding-left: 20px; padding-right: 20px; }\n    .trn-badges { padding: 12px 20px; }\n    .trn-duo { grid-template-columns: 1fr; }\n    .trn-list { grid-template-columns: 1fr; }\n  }\n<\/style>\n\n<div class=\"trn-page\">\n\n  <div class=\"trn-hero\">\n    <div class=\"trn-hero-label\">Fiche ville \u00b7 Belgique<\/div>\n    <h1>Tournai<br><span style=\"font-size:0.6em;font-weight:400;opacity:0.85\">Doornik \u2014 Premi\u00e8re capitale de France, cit\u00e9 m\u00e9rovingienne aux deux UNESCO<\/span><\/h1>\n    <p class=\"trn-hero-intro\">Sur les rives de l&rsquo;Escaut, \u00e0 la lisi\u00e8re de la Wallonie picarde et de la Flandre romane, Tournai est l&rsquo;une des plus anciennes cit\u00e9s de Belgique. Capitale des rois m\u00e9rovingiens avant Paris, ville de Van der Weyden et des grandes tapisseries, elle abrite la <strong>seule cath\u00e9drale<\/strong> et le <strong>plus ancien beffroi de Belgique<\/strong> class\u00e9s \u00e0 l&rsquo;UNESCO \u2014 deux monuments qui figurent parmi les chefs-d&rsquo;\u0153uvre de l&rsquo;architecture m\u00e9di\u00e9vale europ\u00e9enne.<\/p>\n  <\/div>\n\n  <div class=\"trn-badges\">\n    <div class=\"trn-badge\"><span class=\"ico\">\ud83c\udfdb\ufe0f<\/span> Chef-lieu d&rsquo;arrondissement \u00b7 Hainaut<\/div>\n    <div class=\"trn-badge\"><span class=\"ico\">\ud83d\uddfa\ufe0f<\/span> Province de Hainaut \u00b7 Wallonie<\/div>\n    <div class=\"trn-badge\"><span class=\"ico\">\ud83d\udc65<\/span> ~68 000 hab. \u00b7 aggl. 150 000<\/div>\n    <div class=\"trn-badge\"><span class=\"ico\">\ud83c\udfc6<\/span> 2 sites UNESCO<\/div>\n    <div class=\"trn-badge\"><span class=\"ico\">\ud83d\udc51<\/span> Berceau des rois m\u00e9rovingiens<\/div>\n    <div class=\"trn-badge\"><span class=\"ico\">\ud83c\udfd9\ufe0f<\/span> Plus grande commune de Belgique (214 km\u00b2)<\/div>\n  <\/div>\n\n  <div class=\"trn-body\">\n\n    <div class=\"trn-stats\">\n      <div class=\"trn-stat-item\">\n        <span class=\"trn-stat-value\">I<sup>er<\/sup> s. av.<\/span>\n        <span class=\"trn-stat-label\">Origines gallo-romaines<\/span>\n      <\/div>\n      <div class=\"trn-stat-item\">\n        <span class=\"trn-stat-value\">V<sup>e<\/sup> s.<\/span>\n        <span class=\"trn-stat-label\">Capitale m\u00e9rovingienne<\/span>\n      <\/div>\n      <div class=\"trn-stat-item\">\n        <span class=\"trn-stat-value\">68 000<\/span>\n        <span class=\"trn-stat-label\">Habitants (commune)<\/span>\n      <\/div>\n      <div class=\"trn-stat-item\">\n        <span class=\"trn-stat-value\">5<\/span>\n        <span class=\"trn-stat-label\">Tours de la cath\u00e9drale<\/span>\n      <\/div>\n      <div class=\"trn-stat-item\">\n        <span class=\"trn-stat-value\">72 m<\/span>\n        <span class=\"trn-stat-label\">Hauteur du beffroi (XII<sup>e<\/sup> s.)<\/span>\n      <\/div>\n      <div class=\"trn-stat-item\">\n        <span class=\"trn-stat-value\">214 km\u00b2<\/span>\n        <span class=\"trn-stat-label\">Superficie (plus grande commune)<\/span>\n      <\/div>\n    <\/div>\n\n    <div class=\"trn-section\">\n      <h2>Histoire : deux mill\u00e9naires de capital(e)<\/h2>\n      <h3>De <em>Tornacum<\/em> \u00e0 la premi\u00e8re capitale de France<\/h3>\n      <p>Tournai est l&rsquo;une des plus anciennes villes de Belgique francophone, avec des origines remontant au <strong>I<sup>er<\/sup> si\u00e8cle avant notre \u00e8re<\/strong>. La cit\u00e9 romaine de <em>Tornacum<\/em> occupe un carrefour strat\u00e9gique sur l&rsquo;Escaut, au croisement des chauss\u00e9es reliant Arras \u00e0 Asse et Bavay \u00e0 Boulogne. Vers <strong>430<\/strong>, les Francs saliens s&rsquo;en emparent sous <strong>Clodion le Chevelu<\/strong> et en font leur capitale. Child\u00e9ric I<sup>er<\/sup>, p\u00e8re de Clovis, y r\u00e8gne et y est inhum\u00e9 en <strong>481<\/strong> \u2014 sa s\u00e9pulture retrouv\u00e9e en 1653 contenait un tr\u00e9sor m\u00e9rovingien exceptionnel incluant des abeilles d&rsquo;or qui inspireront plus tard Napol\u00e9on pour ses armoiries. Son fils <strong>Clovis I<sup>er<\/sup><\/strong> est \u00ab mis sur le pavois \u00bb \u00e0 Tournai, puis transf\u00e8re progressivement sa capitale \u00e0 Soissons puis Paris au fil de ses conqu\u00eates, \u00e0 partir de <strong>486<\/strong>. Tournai reste cependant \u00ab le berceau de la monarchie fran\u00e7aise \u00bb.<\/p>\n      <p>Par la suite, la ville conna\u00eet une succession impressionnante de ma\u00eetres : fran\u00e7aise, anglaise (sous <strong>Henri VIII<\/strong> de 1513 \u00e0 1518 \u2014 la seule ville belge \u00e0 l&rsquo;avoir \u00e9t\u00e9), espagnole, puis fran\u00e7aise \u00e0 nouveau sous <strong>Louis XIV<\/strong> qui la prend en 1667 apr\u00e8s un si\u00e8ge de deux jours et y fait travailler <strong>Vauban<\/strong> aux fortifications. Autrichienne, hollandaise, belge depuis 1830 \u2014 Tournai a tout travers\u00e9 en conservant son caract\u00e8re de cit\u00e9 autonome et fi\u00e8re. Elle est \u00e9galement la <strong>commune la plus \u00e9tendue de Belgique<\/strong> (214 km\u00b2), r\u00e9sultat des fusions de 1977.<\/p>\n\n      <div class=\"trn-highlight\">\n        Le tr\u00e9sor de Child\u00e9ric \u2014 retrouv\u00e9 en 1653 pr\u00e8s de l&rsquo;\u00e9glise Saint-Brice et contenant des abeilles d&rsquo;or, des armes, des bijoux et une fibule cruciforme \u2014 est l&rsquo;une des d\u00e9couvertes arch\u00e9ologiques les plus importantes de l&rsquo;\u00e9poque m\u00e9rovingienne. Ces <strong>abeilles d&rsquo;or<\/strong> de Child\u00e9ric auraient inspir\u00e9 \u00e0 Napol\u00e9on I<sup>er<\/sup> le choix de l&rsquo;abeille comme embl\u00e8me imp\u00e9rial, en r\u00e9f\u00e9rence aux origines franques de la monarchie fran\u00e7aise.\n      <\/div>\n    <\/div>\n\n    <div class=\"trn-section\">\n      <h2>Deux chefs-d&rsquo;\u0153uvre UNESCO<\/h2>\n      <h3>La cath\u00e9drale Notre-Dame aux cinq tours<\/h3>\n      <p>La <strong>cath\u00e9drale Notre-Dame de Tournai<\/strong> est la <strong>seule cath\u00e9drale de Belgique class\u00e9e au patrimoine mondial de l&rsquo;UNESCO<\/strong> (depuis 2000). \u00c9difi\u00e9e d\u00e8s le d\u00e9but du XII<sup>e<\/sup> si\u00e8cle, elle est un monument d&rsquo;une ampleur exceptionnelle : <strong>134 m de longueur<\/strong>, <strong>67 m de largeur<\/strong> au transept, et surtout ce transept h\u00e9riss\u00e9 de <strong>cinq tours<\/strong> qui constituent sa silhouette embl\u00e9matique, unique en Europe. La nef et le transept sont de pur style roman, tandis que le ch\u0153ur, reconstruit au XIII<sup>e<\/sup> si\u00e8cle, introduit le style <strong>gothique scaldien<\/strong> en Belgique pour la premi\u00e8re fois. La salle du Tr\u00e9sor abrite des pi\u00e8ces d&rsquo;orf\u00e8vrerie parmi les plus pr\u00e9cieuses de Belgique, dont la <strong>ch\u00e2sse de Notre-Dame<\/strong> (vers 1200\u20131205) r\u00e9alis\u00e9e par <strong>Nicolas de Verdun<\/strong> \u2014 l&rsquo;un des sept chefs-d&rsquo;\u0153uvre de Belgique reconnus \u2014 et la ch\u00e2sse de saint \u00c9leuth\u00e8re.<\/p>\n\n      <h3>Le beffroi \u2014 plus ancien beffroi de Belgique<\/h3>\n      <p>Dress\u00e9 sur la Grand-Place, le <strong>beffroi de Tournai<\/strong> est le plus ancien de Belgique, construit \u00e0 partir de <strong>1188<\/strong> sur autorisation de Philippe Auguste. Haut de <strong>72 m\u00e8tres<\/strong>, avec ses 257 marches, il a successivement servi de tour de guet, prison, clocher et h\u00f4tel de ville. Sa cloche la plus ancienne, la <strong>Bancloque<\/strong> (cinq tonnes), alertait les Tournaisiens des proc\u00e8s, ex\u00e9cutions et incendies. Class\u00e9 UNESCO en <strong>1999<\/strong>, son carillon de 55 cloches r\u00e9sonne chaque dimanche d&rsquo;\u00e9t\u00e9. Pendant les bombardements de 1940, il fut l&rsquo;un des rares b\u00e2timents du centre \u00e0 rester debout.<\/p>\n    <\/div>\n\n    <div class=\"trn-section\">\n      <h2>Capitale des arts : Van der Weyden, tapisseries et porcelaine<\/h2>\n      <p>Au XV<sup>e<\/sup> si\u00e8cle, Tournai vit un \u00e2ge d&rsquo;or artistique exceptionnel. La ville abrite l&rsquo;une des grandes \u00e9coles de peinture flamandes : <strong>Robert Campin<\/strong> (mort \u00e0 Tournai en 1444) et son \u00e9l\u00e8ve <strong>Rogier van der Weyden<\/strong> (n\u00e9 \u00e0 Tournai vers 1400, devenu l&rsquo;un des ma\u00eetres de la peinture flamande apr\u00e8s son d\u00e9part pour Bruxelles), ainsi que <strong>Jacques Daret<\/strong>. Ses ateliers de <strong>tapisserie de haute lisse<\/strong> alimentent les cours d&rsquo;Europe enti\u00e8re, rivalisant avec Arras et Paris. Plus tard, sous Marie-Th\u00e9r\u00e8se d&rsquo;Autriche, Tournai se distingue dans la <strong>porcelaine fine<\/strong> \u2014 sa manufacture du XVIII<sup>e<\/sup> si\u00e8cle produit des pi\u00e8ces aujourd&rsquo;hui tr\u00e8s pris\u00e9es des collectionneurs. Le <strong>Mus\u00e9e des Beaux-Arts<\/strong>, con\u00e7u par <strong>Victor Horta<\/strong> \u2014 unique mus\u00e9e jamais r\u00e9alis\u00e9 par l&rsquo;architecte Art nouveau \u2014 abrite notamment les seules \u0153uvres de Manet conserv\u00e9es en Belgique.<\/p>\n    <\/div>\n\n    <div class=\"trn-section\">\n      <h2>Tourisme et attractions incontournables<\/h2>\n      <ul class=\"trn-list\">\n        <li><strong>Cath\u00e9drale Notre-Dame<\/strong> \u2014 UNESCO, 5 tours, roman et gothique, tr\u00e9sor<\/li>\n        <li><strong>Beffroi<\/strong> \u2014 UNESCO, XII<sup>e<\/sup> s., plus ancien de Belgique, 72 m<\/li>\n        <li><strong>Grand-Place<\/strong> \u2014 beffroi, h\u00f4tel de ville, march\u00e9 anim\u00e9<\/li>\n        <li><strong>Pont des Trous<\/strong> \u2014 XIII<sup>e<\/sup> s., pont gothique fortifi\u00e9 sur l&rsquo;Escaut<\/li>\n        <li><strong>Mus\u00e9e des Beaux-Arts<\/strong> \u2014 Victor Horta, Van der Weyden, Manet<\/li>\n        <li><strong>TAMAT<\/strong> \u2014 Mus\u00e9e de la Tapisserie et des Arts du Tissu<\/li>\n        <li><strong>Mus\u00e9e de la Porcelaine<\/strong> \u2014 manufacture du XVIII<sup>e<\/sup> s.<\/li>\n        <li><strong>Mus\u00e9e d&rsquo;Arch\u00e9ologie<\/strong> \u2014 sarcophage en plomb IV<sup>e<\/sup> s., cheval de Child\u00e9ric<\/li>\n        <li><strong>Mus\u00e9e de Folklore et des Imaginaires<\/strong> \u2014 vie tournaisienne XVIIIe s.<\/li>\n        <li><strong>Tour Henry VIII<\/strong> \u2014 seule ville belge \u00e0 avoir \u00e9t\u00e9 anglaise<\/li>\n        <li><strong>Citadelle de Tournai<\/strong> \u2014 fortifications de Vauban, Louis XIV<\/li>\n        <li><strong>Quartier m\u00e9di\u00e9val<\/strong> \u2014 maisons romanes, tour Marvis, rues historiques<\/li>\n        <li><strong>Grande Procession<\/strong> \u2014 2<sup>e<\/sup> dimanche de septembre, depuis 1092<\/li>\n        <li><strong>Mont Saint-Aubert<\/strong> \u2014 vue panoramique, 140 m d&rsquo;altitude<\/li>\n      <\/ul>\n    <\/div>\n\n    <div class=\"trn-section\">\n      <h2>Identit\u00e9 et rayonnement<\/h2>\n      <div class=\"trn-duo\">\n        <div class=\"trn-duo-col\">\n          <h4>\ud83c\udfad La Grande Procession<\/h4>\n          <p>Depuis <strong>1092<\/strong>, chaque <strong>deuxi\u00e8me dimanche de septembre<\/strong>, la Grande Procession perp\u00e9tue le souvenir de la fin d&rsquo;une \u00e9pid\u00e9mie de peste. C&rsquo;est l&rsquo;une des processions religieuses les plus anciennes et les plus importantes de Belgique, accompagn\u00e9e des g\u00e9ants de la ville et des <em>Quatre Cort\u00e8ges<\/em>.<\/p>\n        <\/div>\n        <div class=\"trn-duo-col\">\n          <h4>\ud83c\udf0d L&rsquo;Eurom\u00e9tropole<\/h4>\n          <p>Tournai fait partie de l&rsquo;<strong>Eurom\u00e9tropole Lille-Courtrai-Tournai<\/strong>, premier GECT d&rsquo;Europe (2008). \u00c0 seulement <strong>20 minutes de Lille<\/strong> en train et <strong>55 minutes de Bruxelles<\/strong>, la ville est particuli\u00e8rement accessible depuis le nord de la France et offre un rapport patrimoine\/tourisme exceptionnel pour les visiteurs qui la d\u00e9couvrent souvent \u00e0 l&rsquo;occasion d&rsquo;un s\u00e9jour dans la m\u00e9tropole lilloise.<\/p>\n        <\/div>\n      <\/div>\n      <p>La <strong>Messe de Tournai<\/strong> (vers 1330\u20131340), conserv\u00e9e dans les archives de la cath\u00e9drale, est la plus ancienne messe polyphonique qui nous soit parvenue au monde. Le texte th\u00e9\u00e2tral m\u00e9di\u00e9val en fran\u00e7ais <em>Le Gar\u00e7on et l&rsquo;Aveugle<\/em>, dont l&rsquo;action se passe \u00e0 Tournai, est le plus ancien texte de th\u00e9\u00e2tre en langue fran\u00e7aise conserv\u00e9.<\/p>\n    <\/div>\n\n    <div class=\"trn-conclusion\">\n      <p>Tournai porte sur ses \u00e9paules un poids d&rsquo;histoire que peu de villes en Europe peuvent \u00e9galer : elle fut la capitale des M\u00e9rovingiens avant Paris, la ville de Van der Weyden, la seule cit\u00e9 belge ayant appartenu \u00e0 l&rsquo;Angleterre, et le chantier de Vauban pour Louis XIV. Ses <strong>deux monuments UNESCO<\/strong> \u2014 la cath\u00e9drale aux cinq tours et le plus ancien beffroi de Belgique \u2014 se font face sur la Grand-Place dans un dialogue de pierres s\u00e9culaires qui suffit \u00e0 lui seul \u00e0 justifier le voyage.<\/p>\n    <\/div>\n\n    <div class=\"trn-footer\">Source : anabel.be\/web \u2014 Fiche ville Tournai (Doornik)<\/div>\n\n  <\/div>\n<\/div>\n\n","protected":false},"excerpt":{"rendered":"<p>Fiche ville \u00b7 Belgique TournaiDoornik \u2014 Premi\u00e8re capitale de France, cit\u00e9 m\u00e9rovingienne aux deux UNESCO Sur les rives de l&rsquo;Escaut, \u00e0 la lisi\u00e8re de la Wallonie picarde et de la Flandre romane, Tournai est l&rsquo;une des plus anciennes cit\u00e9s de Belgique. Capitale des rois m\u00e9rovingiens avant Paris, ville de Van der Weyden et des grandes [&hellip;]<\/p>\n","protected":false},"author":1,"featured_media":0,"comment_status":"open","ping_status":"open","sticky":false,"template":"","format":"standard","meta":{"_jetpack_memberships_contains_paid_content":false,"footnotes":""},"categories":[70],"tags":[41,69,57,71],"class_list":["post-782","post","type-post","status-publish","format-standard","hentry","category-decouvertes","tag-communes","tag-decouverte","tag-histoire","tag-tourisme"],"jetpack_featured_media_url":"","jetpack_sharing_enabled":true,"_links":{"self":[{"href":"https:\/\/www.anabel.be\/web\/wp-json\/wp\/v2\/posts\/782","targetHints":{"allow":["GET"]}}],"collection":[{"href":"https:\/\/www.anabel.be\/web\/wp-json\/wp\/v2\/posts"}],"about":[{"href":"https:\/\/www.anabel.be\/web\/wp-json\/wp\/v2\/types\/post"}],"author":[{"embeddable":true,"href":"https:\/\/www.anabel.be\/web\/wp-json\/wp\/v2\/users\/1"}],"replies":[{"embeddable":true,"href":"https:\/\/www.anabel.be\/web\/wp-json\/wp\/v2\/comments?post=782"}],"version-history":[{"count":1,"href":"https:\/\/www.anabel.be\/web\/wp-json\/wp\/v2\/posts\/782\/revisions"}],"predecessor-version":[{"id":783,"href":"https:\/\/www.anabel.be\/web\/wp-json\/wp\/v2\/posts\/782\/revisions\/783"}],"wp:attachment":[{"href":"https:\/\/www.anabel.be\/web\/wp-json\/wp\/v2\/media?parent=782"}],"wp:term":[{"taxonomy":"category","embeddable":true,"href":"https:\/\/www.anabel.be\/web\/wp-json\/wp\/v2\/categories?post=782"},{"taxonomy":"post_tag","embeddable":true,"href":"https:\/\/www.anabel.be\/web\/wp-json\/wp\/v2\/tags?post=782"}],"curies":[{"name":"wp","href":"https:\/\/api.w.org\/{rel}","templated":true}]}}