{"id":765,"date":"2026-04-22T21:06:17","date_gmt":"2026-04-22T19:06:17","guid":{"rendered":"https:\/\/www.anabel.be\/web\/?p=765"},"modified":"2026-04-22T21:09:36","modified_gmt":"2026-04-22T19:09:36","slug":"ostende-reine-des-plages-ville-densor-et-premier-port-de-peche-de-belgique-flandre-occidentale","status":"publish","type":"post","link":"https:\/\/www.anabel.be\/web\/ostende-reine-des-plages-ville-densor-et-premier-port-de-peche-de-belgique-flandre-occidentale\/","title":{"rendered":"Ostende : reine des plages, ville d&rsquo;Ensor et premier port de p\u00eache de Belgique | Flandre-Occidentale"},"content":{"rendered":"\n<!-- Fiche ville : Ostende \u2014 anabel.be\/web -->\n<!-- Meta title sugg\u00e9r\u00e9 : Ostende : reine des plages, ville d'Ensor et premier port de p\u00eache de Belgique | Flandre-Occidentale -->\n<!-- Meta description sugg\u00e9r\u00e9e : D\u00e9couvrez Ostende, reine des plages belges : James Ensor, L\u00e9on Spilliaert, Mu.ZEE, Fort Napol\u00e9on, Mercator, Crystal Ship, crevettes grises, vill\u00e9giature royale et tramway c\u00f4tier. Guide complet. -->\n\n<style>\n  @import url('https:\/\/fonts.googleapis.com\/css2?family=Playfair+Display:ital,wght@0,400;0,600;0,700;1,400&family=Source+Sans+3:wght@300;400;600&display=swap');\n\n  .ost-page {\n    font-family: 'Source Sans 3', sans-serif;\n    font-weight: 400;\n    color: #2c2c2c;\n    background: #faf8f4;\n    max-width: 860px;\n    margin: 0 auto;\n    padding: 0 0 48px 0;\n    line-height: 1.75;\n  }\n  .ost-hero {\n    background: linear-gradient(135deg, #1a3a5c 0%, #2a5a8a 60%, #1e4a70 100%);\n    border-radius: 4px 4px 0 0;\n    padding: 40px 40px 32px 40px;\n    position: relative;\n    overflow: hidden;\n  }\n  .ost-hero::before {\n    content: '';\n    position: absolute;\n    top: -30px; right: -30px;\n    width: 180px; height: 180px;\n    background: rgba(212,175,55,0.12);\n    border-radius: 50%;\n  }\n  .ost-hero-label {\n    font-family: 'Source Sans 3', sans-serif;\n    font-size: 11px;\n    font-weight: 600;\n    letter-spacing: 2.5px;\n    text-transform: uppercase;\n    color: #d4af37;\n    margin-bottom: 8px;\n  }\n  .ost-hero h1 {\n    font-family: 'Playfair Display', serif;\n    font-size: clamp(22px, 4vw, 32px);\n    font-weight: 700;\n    color: #ffffff;\n    margin: 0 0 12px 0;\n    line-height: 1.25;\n  }\n  .ost-hero-intro {\n    font-size: 14.5px;\n    color: rgba(255,255,255,0.82);\n    max-width: 620px;\n    margin: 0;\n    font-weight: 300;\n    line-height: 1.65;\n  }\n  .ost-badges {\n    display: flex;\n    flex-wrap: wrap;\n    gap: 10px;\n    background: #1a3a5c;\n    padding: 14px 40px;\n    border-bottom: 3px solid #d4af37;\n  }\n  .ost-badge {\n    display: flex;\n    align-items: center;\n    gap: 6px;\n    background: rgba(255,255,255,0.10);\n    border: 1px solid rgba(212,175,55,0.35);\n    border-radius: 20px;\n    padding: 4px 12px;\n    font-size: 12.5px;\n    color: #e8e0cc;\n    font-family: 'Source Sans 3', sans-serif;\n  }\n  .ost-badge span.ico { font-size: 14px; }\n  .ost-body { padding: 36px 40px 0 40px; }\n  .ost-stats {\n    display: grid;\n    grid-template-columns: repeat(auto-fit, minmax(130px, 1fr));\n    gap: 12px;\n    background: #eef4fb;\n    border: 1px solid #c2d8ee;\n    border-left: 4px solid #d4af37;\n    border-radius: 4px;\n    padding: 20px 22px;\n    margin-bottom: 32px;\n  }\n  .ost-stat-item { text-align: center; }\n  .ost-stat-value {\n    font-family: 'Playfair Display', serif;\n    font-size: 22px;\n    font-weight: 700;\n    color: #1a3a5c;\n    display: block;\n  }\n  .ost-stat-label {\n    font-size: 11.5px;\n    color: #556;\n    text-transform: uppercase;\n    letter-spacing: 0.8px;\n    font-weight: 600;\n  }\n  .ost-section { margin-bottom: 36px; }\n  .ost-section h2 {\n    font-family: 'Playfair Display', serif;\n    font-size: 20px;\n    font-weight: 700;\n    color: #1a3a5c;\n    border-bottom: 2px solid #d4af37;\n    padding-bottom: 6px;\n    margin: 0 0 18px 0;\n  }\n  .ost-section h3 {\n    font-family: 'Playfair Display', serif;\n    font-size: 16px;\n    font-weight: 600;\n    font-style: italic;\n    color: #2a5a8a;\n    margin: 0 0 10px 0;\n  }\n  .ost-section p {\n    font-size: 15px;\n    margin: 0 0 14px 0;\n    color: #333;\n  }\n  .ost-section p strong { color: #1a3a5c; font-weight: 600; }\n  .ost-section p em { color: #2a5a8a; font-style: italic; }\n  .ost-list {\n    list-style: none;\n    padding: 0;\n    margin: 0 0 14px 0;\n    display: grid;\n    grid-template-columns: repeat(auto-fit, minmax(240px, 1fr));\n    gap: 6px 16px;\n  }\n  .ost-list li {\n    font-size: 14.5px;\n    color: #333;\n    padding: 5px 0 5px 20px;\n    position: relative;\n    border-bottom: 1px dotted #d4c88a;\n  }\n  .ost-list li::before {\n    content: '\u25b8';\n    color: #d4af37;\n    position: absolute;\n    left: 0;\n    font-size: 12px;\n    top: 7px;\n  }\n  .ost-list li strong { color: #1a3a5c; font-weight: 600; }\n  .ost-highlight {\n    background: #fff9ec;\n    border: 1px solid #e8d87a;\n    border-left: 4px solid #d4af37;\n    border-radius: 4px;\n    padding: 16px 20px;\n    margin-bottom: 20px;\n    font-size: 14.5px;\n    color: #443a00;\n    font-style: italic;\n    line-height: 1.65;\n  }\n  .ost-duo {\n    display: grid;\n    grid-template-columns: 1fr 1fr;\n    gap: 16px;\n    margin-bottom: 16px;\n  }\n  .ost-duo-col {\n    background: #eef4fb;\n    border: 1px solid #c2d8ee;\n    border-radius: 4px;\n    padding: 14px 16px;\n  }\n  .ost-duo-col h4 {\n    font-family: 'Playfair Display', serif;\n    font-size: 13.5px;\n    font-weight: 600;\n    color: #1a3a5c;\n    margin: 0 0 8px 0;\n    text-transform: uppercase;\n    letter-spacing: 0.6px;\n  }\n  .ost-duo-col p {\n    font-size: 13.5px;\n    color: #444;\n    margin: 0;\n    line-height: 1.6;\n  }\n  .ost-conclusion {\n    background: linear-gradient(135deg, #1a3a5c, #2a5a8a);\n    border-radius: 4px;\n    padding: 24px 28px;\n    margin-top: 8px;\n  }\n  .ost-conclusion p {\n    color: rgba(255,255,255,0.88);\n    font-size: 14.5px;\n    margin: 0;\n    line-height: 1.7;\n    font-style: italic;\n  }\n  .ost-conclusion p strong { color: #d4af37; }\n  .ost-footer {\n    margin-top: 18px;\n    padding-top: 12px;\n    border-top: 1px solid #d4c88a;\n    font-size: 11.5px;\n    color: #999;\n    text-align: right;\n    font-style: italic;\n  }\n  @media (max-width: 600px) {\n    .ost-hero, .ost-body { padding-left: 20px; padding-right: 20px; }\n    .ost-badges { padding: 12px 20px; }\n    .ost-duo { grid-template-columns: 1fr; }\n    .ost-list { grid-template-columns: 1fr; }\n  }\n<\/style>\n\n<div class=\"ost-page\">\n\n  <div class=\"ost-hero\">\n    <div class=\"ost-hero-label\">Fiche ville \u00b7 Belgique<\/div>\n    <h1>Ostende<br><span style=\"font-size:0.6em;font-weight:400;opacity:0.85\">Reine des plages, ville d&rsquo;Ensor et premier port de p\u00eache de Belgique<\/span><\/h1>\n    <p class=\"ost-hero-intro\">Seule grande ville directement sur la mer du Nord, Ostende (<em>Oostende<\/em> en n\u00e9erlandais) est la station baln\u00e9aire la plus c\u00e9l\u00e8bre de Belgique. Vill\u00e9giature royale depuis L\u00e9opold I<sup>er<\/sup>, ville natale du peintre James Ensor et du chanteur Arno, elle conjugue une \u00e2me maritime authentique, un patrimoine artistique majeur et une digue anim\u00e9e que les Belges fr\u00e9quentent depuis plus de deux si\u00e8cles.<\/p>\n  <\/div>\n\n  <div class=\"ost-badges\">\n    <div class=\"ost-badge\"><span class=\"ico\">\ud83c\udf0a<\/span> Seule grande ville sur la mer du Nord<\/div>\n    <div class=\"ost-badge\"><span class=\"ico\">\ud83d\uddfa\ufe0f<\/span> Province de Flandre-Occidentale \u00b7 Flandre<\/div>\n    <div class=\"ost-badge\"><span class=\"ico\">\ud83d\udc65<\/span> ~72 000 hab.<\/div>\n    <div class=\"ost-badge\"><span class=\"ico\">\ud83d\udc51<\/span> Vill\u00e9giature royale depuis 1834<\/div>\n    <div class=\"ost-badge\"><span class=\"ico\">\ud83c\udfa8<\/span> Ville natale de James Ensor<\/div>\n    <div class=\"ost-badge\"><span class=\"ico\">\ud83e\udd90<\/span> 1<sup>er<\/sup> port de p\u00eache de Belgique<\/div>\n  <\/div>\n\n  <div class=\"ost-body\">\n\n    <div class=\"ost-stats\">\n      <div class=\"ost-stat-item\">\n        <span class=\"ost-stat-value\">M\u00e9d.<\/span>\n        <span class=\"ost-stat-label\">Origines m\u00e9di\u00e9vales<\/span>\n      <\/div>\n      <div class=\"ost-stat-item\">\n        <span class=\"ost-stat-value\">1834<\/span>\n        <span class=\"ost-stat-label\">Vill\u00e9giature royale<\/span>\n      <\/div>\n      <div class=\"ost-stat-item\">\n        <span class=\"ost-stat-value\">72 000<\/span>\n        <span class=\"ost-stat-label\">Habitants<\/span>\n      <\/div>\n      <div class=\"ost-stat-item\">\n        <span class=\"ost-stat-value\">7 km<\/span>\n        <span class=\"ost-stat-label\">Plage de sable<\/span>\n      <\/div>\n      <div class=\"ost-stat-item\">\n        <span class=\"ost-stat-value\">1839<\/span>\n        <span class=\"ost-stat-label\">1<sup>re<\/sup> ligne de train de Belgique<\/span>\n      <\/div>\n      <div class=\"ost-stat-item\">\n        <span class=\"ost-stat-value\">67 km<\/span>\n        <span class=\"ost-stat-label\">Tramway c\u00f4tier (De Panne\u2013Knokke)<\/span>\n      <\/div>\n    <\/div>\n\n    <div class=\"ost-section\">\n      <h2>Histoire : du port de p\u00eache \u00e0 la reine des plages<\/h2>\n      <h3>Des origines m\u00e9di\u00e9vales \u00e0 la vill\u00e9giature royale<\/h3>\n      <p>Le nom d&rsquo;Ostende vient du flamand occidental : <em>Oost<\/em> (est) et <em>ende<\/em> (extr\u00e9mit\u00e9) \u2014 la ville se trouvait \u00e0 l&rsquo;extr\u00e9mit\u00e9 orientale de l&rsquo;\u00eele allong\u00e9e de Terstreep au Moyen \u00c2ge. Port de p\u00eache fortifi\u00e9, Ostende acquiert une dimension commerciale gr\u00e2ce \u00e0 sa liaison maritime avec l&rsquo;Angleterre. En <strong>1781<\/strong>, l&#8217;empereur Joseph II en fait un port franc. En <strong>1784<\/strong>, l&rsquo;aubergiste anglais William Hesketh ouvre le premier pavillon de bains de mer sur la Grande Plage \u2014 inaugurant la mode baln\u00e9aire en Belgique. La liaison ferroviaire avec Bruxelles, inaugur\u00e9e en <strong>1839<\/strong> (l&rsquo;une des premi\u00e8res de Belgique), fait le reste : Ostende devient accessible en quelques heures depuis la capitale et s&rsquo;impose comme la station de choix pour la haute soci\u00e9t\u00e9.<\/p>\n      <p>La famille royale belge s\u00e9journe \u00e0 Ostende d\u00e8s <strong>1834<\/strong>. La premi\u00e8re reine des Belges, <strong>Louise-Marie d&rsquo;Orl\u00e9ans<\/strong>, y prend des bains de mer jusqu&rsquo;\u00e0 sa mort dans la ville en <strong>1850<\/strong>. Le roi <strong>L\u00e9opold II<\/strong> marque durablement la ville \u00e0 partir de <strong>1905<\/strong> en lan\u00e7ant de grands travaux : construction de l&rsquo;\u00e9glise Saints-Pierre-et-Paul, du Kursaal, des Galeries royales, du th\u00e9\u00e2tre et de la poste. Ces interventions donnent \u00e0 Ostende son caract\u00e8re de vill\u00e9giature bourgeoise et son patrimoine Belle \u00c9poque \u2014 h\u00e9las en grande partie sacrifi\u00e9 lors des reconstructions d&rsquo;apr\u00e8s-guerre et du tourisme de masse des ann\u00e9es 1960\u20131970.<\/p>\n\n      <div class=\"ost-highlight\">\n        Le <strong>tramway c\u00f4tier<\/strong> (<em>Kusttram<\/em>), qui longe l&rsquo;int\u00e9gralit\u00e9 des <strong>67 km<\/strong> de c\u00f4te belge de De Panne \u00e0 Knokke-Heist en passant par Ostende, est le tramway c\u00f4tier le plus long du monde encore en service. Avec ses quelque 13 millions de voyageurs par an, il est l&rsquo;\u00e9pine dorsale touristique de la c\u00f4te belge et permet de relier en tram toutes les stations baln\u00e9aires sans voiture.\n      <\/div>\n    <\/div>\n\n    <div class=\"ost-section\">\n      <h2>James Ensor et l&rsquo;\u00e9cole artistique d&rsquo;Ostende<\/h2>\n      <h3>Le peintre aux masques (1860\u20131949)<\/h3>\n      <p><strong>James Ensor<\/strong> est n\u00e9 \u00e0 Ostende en <strong>1860<\/strong> et y est mort en <strong>1949<\/strong>, sans presque jamais quitter sa ville. Fils d&rsquo;un p\u00e8re anglais et d&rsquo;une m\u00e8re ostendaise qui tenait une boutique de curiosit\u00e9s et de masques de carnaval, il d\u00e9veloppe un art visionnaire m\u00ealant symbolisme, expressionnisme et une ironie mordante \u2014 masques grima\u00e7ants, squelettes, foules carnavalesques et autoportraits provocateurs. Son \u0153uvre majeure, <em>L&rsquo;Entr\u00e9e du Christ \u00e0 Bruxelles<\/em> (1888), fut refus\u00e9e par toutes les expositions de son temps avant d&rsquo;\u00eatre reconnue comme l&rsquo;un des chefs-d&rsquo;\u0153uvre de l&rsquo;art moderne belge. \u00c9lev\u00e9 baron en 1929, il reste la figure artistique centrale d&rsquo;Ostende. La <strong>Maison Ensor<\/strong> (Vlaanderenstraat), r\u00e9cemment restaur\u00e9e, est aujourd&rsquo;hui un centre d&rsquo;exp\u00e9rience immersif avec cinq salles interactives.<\/p>\n      <p>\u00c0 ses c\u00f4t\u00e9s rayonne <strong>L\u00e9on Spilliaert<\/strong> (1881\u20131946), autre grand peintre ostendais, dont les \u0153uvres nocturnes et m\u00e9lancoliques \u2014 comme le c\u00e9l\u00e8bre <em>Vertige<\/em> (1908) \u2014 capturent avec une intensit\u00e9 troublante la lumi\u00e8re de la mer du Nord et la solitude des quais. Le <strong>Mu.ZEE<\/strong> leur consacre une aile permanente, aux c\u00f4t\u00e9s de <strong>Constant Permeke<\/strong>, peintre expressionniste \u00e9tabli \u00e0 Ostende avant de s&rsquo;installer \u00e0 Jabbeke.<\/p>\n    <\/div>\n\n    <div class=\"ost-section\">\n      <h2>Tourisme et attractions incontournables<\/h2>\n      <ul class=\"ost-list\">\n        <li><strong>Grande Plage<\/strong> \u2014 7 km de sable, digue anim\u00e9e, cabines color\u00e9es<\/li>\n        <li><strong>Mu.ZEE<\/strong> \u2014 Kunstmuseum aan Zee, art belge 1860\u2013aujourd&rsquo;hui<\/li>\n        <li><strong>Maison Ensor<\/strong> \u2014 mus\u00e9e immersif, 5 salles interactives<\/li>\n        <li><strong>Fort Napol\u00e9on<\/strong> \u2014 1811, accessible par ferry gratuit, vue panoramique<\/li>\n        <li><strong>Mercator<\/strong> \u2014 trois-m\u00e2ts, navire-mus\u00e9e, rapatria p\u00e8re Damien en 1936<\/li>\n        <li><strong>Amandine<\/strong> \u2014 chalutier-mus\u00e9e, vie des p\u00eacheurs au quai<\/li>\n        <li><strong>\u00c9glise Saints-Pierre-et-Paul<\/strong> \u2014 n\u00e9ogothique, 72 m, chapelle de Louise-Marie<\/li>\n        <li><strong>Galeries royales<\/strong> \u2014 n\u00e9oclassique Belle \u00c9poque, 1902\u20131906<\/li>\n        <li><strong>Casino-Kursaal<\/strong> \u2014 1953, plus grand casino de Belgique, bord de mer<\/li>\n        <li><strong>Crystal Ship<\/strong> \u2014 60+ fresques de street art dans toute la ville<\/li>\n        <li><strong>Domaine de Raversijde<\/strong> \u2014 Mur de l&rsquo;Atlantique, mus\u00e9e en plein air, 50 ha<\/li>\n        <li><strong>Visserskaai<\/strong> \u2014 quai des p\u00eacheurs, march\u00e9 aux poissons, crevettes<\/li>\n        <li><strong>Phare Lange Nelle<\/strong> \u2014 65 m, embl\u00e8me maritime d&rsquo;Ostende<\/li>\n        <li><strong>Parc L\u00e9opold<\/strong> \u2014 kiosque 1885, horloge fleurie, verdure centrale<\/li>\n        <li><strong>Kusttram<\/strong> \u2014 tramway c\u00f4tier 67 km, De Panne\u2013Knokke-Heist<\/li>\n      <\/ul>\n    <\/div>\n\n    <div class=\"ost-section\">\n      <h2>Gastronomie maritime et identit\u00e9 ostendaise<\/h2>\n      <div class=\"ost-duo\">\n        <div class=\"ost-duo-col\">\n          <h4>\ud83e\udd90 La crevette grise<\/h4>\n          <p>La <strong>crevette grise de la mer du Nord<\/strong> (<em>grijze garnaal<\/em>) est l&#8217;embl\u00e8me culinaire absolu d&rsquo;Ostende \u2014 p\u00each\u00e9e localement, d\u00e9cortiqu\u00e9e \u00e0 la main, elle se d\u00e9guste nature sur le port ou en <strong>croquette<\/strong>. Attention : les vrais \u00e9tals arborent l&rsquo;appellation <em>Home-Made Oostendse Garnaalkroketten<\/em>. Le march\u00e9 aux poissons du Visserskaai, ouvert d\u00e8s 7h, est le seul march\u00e9 aux poissons ouvert au public sur toute la c\u00f4te belge.<\/p>\n        <\/div>\n        <div class=\"ost-duo-col\">\n          <h4>\ud83c\udfb5 Arno et la culture ostendaise<\/h4>\n          <p><strong>Arno<\/strong> (Charles Ernest Hintjens, 1949\u20132022), chanteur rock flamand \u00e0 la voix rauque et inimitable, est le fils d&rsquo;Ostende le plus c\u00e9l\u00e8bre de sa g\u00e9n\u00e9ration. Figure majeure de la sc\u00e8ne rock belge francophone et n\u00e9erlandophone, il a incarn\u00e9 l&rsquo;\u00e2me populaire, irr\u00e9v\u00e9rencieuse et maritime de sa ville natale. <strong>Stefan Zweig<\/strong> et <strong>James Joyce<\/strong> comptaient eux aussi parmi les visiteurs illustres de la station baln\u00e9aire.<\/p>\n        <\/div>\n      <\/div>\n      <p>La gastronomie d&rsquo;Ostende est r\u00e9solument tourn\u00e9e vers la mer : waterzooi de poissons, moules-frites, sole meuni\u00e8re, hu\u00eetres de l&rsquo;Oesterput (bassin maritime Spuikom) et gaufres \u00e0 la chantilly font partie de l&rsquo;identit\u00e9 culinaire de la ville.<\/p>\n    <\/div>\n\n    <div class=\"ost-conclusion\">\n      <p>Ostende est une ville de contrastes assum\u00e9s : elle fut la vill\u00e9giature des rois et le terrain de jeu des peintres les plus singuliers de Belgique, une station mondaine et un port de p\u00eache aux odeurs d&rsquo;iode, une digue d&rsquo;immeubles modernes et un mus\u00e9e \u00e0 ciel ouvert couvert de fresques. La <strong>reine des plages<\/strong> n&rsquo;a pas perdu son \u00e2me \u2014 elle s&rsquo;est simplement r\u00e9invent\u00e9e, entre la mer du Nord immuable et une sc\u00e8ne artistique qui continue de surprendre.<\/p>\n    <\/div>\n\n    <div class=\"ost-footer\">Source : anabel.be\/web \u2014 Fiche ville Ostende (Oostende)<\/div>\n\n  <\/div>\n<\/div>\n\n","protected":false},"excerpt":{"rendered":"<p>Fiche ville \u00b7 Belgique OstendeReine des plages, ville d&rsquo;Ensor et premier port de p\u00eache de Belgique Seule grande ville directement sur la mer du Nord, Ostende (Oostende en n\u00e9erlandais) est la station baln\u00e9aire la plus c\u00e9l\u00e8bre de Belgique. Vill\u00e9giature royale depuis L\u00e9opold Ier, ville natale du peintre James Ensor et du chanteur Arno, elle conjugue [&hellip;]<\/p>\n","protected":false},"author":2,"featured_media":0,"comment_status":"closed","ping_status":"closed","sticky":false,"template":"","format":"standard","meta":{"_jetpack_memberships_contains_paid_content":false,"footnotes":""},"categories":[70],"tags":[41,69,57,71],"class_list":["post-765","post","type-post","status-publish","format-standard","hentry","category-decouvertes","tag-communes","tag-decouverte","tag-histoire","tag-tourisme"],"jetpack_featured_media_url":"","jetpack_sharing_enabled":true,"_links":{"self":[{"href":"https:\/\/www.anabel.be\/web\/wp-json\/wp\/v2\/posts\/765","targetHints":{"allow":["GET"]}}],"collection":[{"href":"https:\/\/www.anabel.be\/web\/wp-json\/wp\/v2\/posts"}],"about":[{"href":"https:\/\/www.anabel.be\/web\/wp-json\/wp\/v2\/types\/post"}],"author":[{"embeddable":true,"href":"https:\/\/www.anabel.be\/web\/wp-json\/wp\/v2\/users\/2"}],"replies":[{"embeddable":true,"href":"https:\/\/www.anabel.be\/web\/wp-json\/wp\/v2\/comments?post=765"}],"version-history":[{"count":1,"href":"https:\/\/www.anabel.be\/web\/wp-json\/wp\/v2\/posts\/765\/revisions"}],"predecessor-version":[{"id":766,"href":"https:\/\/www.anabel.be\/web\/wp-json\/wp\/v2\/posts\/765\/revisions\/766"}],"wp:attachment":[{"href":"https:\/\/www.anabel.be\/web\/wp-json\/wp\/v2\/media?parent=765"}],"wp:term":[{"taxonomy":"category","embeddable":true,"href":"https:\/\/www.anabel.be\/web\/wp-json\/wp\/v2\/categories?post=765"},{"taxonomy":"post_tag","embeddable":true,"href":"https:\/\/www.anabel.be\/web\/wp-json\/wp\/v2\/tags?post=765"}],"curies":[{"name":"wp","href":"https:\/\/api.w.org\/{rel}","templated":true}]}}