{"id":763,"date":"2026-04-22T21:05:47","date_gmt":"2026-04-22T19:05:47","guid":{"rendered":"https:\/\/www.anabel.be\/web\/?p=763"},"modified":"2026-04-22T21:09:29","modified_gmt":"2026-04-22T19:09:29","slug":"courtrai-la-bataille-des-eperons-dor-beffroi-unesco-et-lin-flamand-flandre-occidentale","status":"publish","type":"post","link":"https:\/\/www.anabel.be\/web\/courtrai-la-bataille-des-eperons-dor-beffroi-unesco-et-lin-flamand-flandre-occidentale\/","title":{"rendered":"Courtrai : la bataille des \u00c9perons d&rsquo;or, beffroi UNESCO et lin flamand | Flandre-Occidentale"},"content":{"rendered":"\n<!-- Fiche ville : Courtrai \u2014 anabel.be\/web -->\n<!-- Meta title sugg\u00e9r\u00e9 : Courtrai : la bataille des \u00c9perons d'or, beffroi UNESCO et lin flamand | Flandre-Occidentale -->\n<!-- Meta description sugg\u00e9r\u00e9e : D\u00e9couvrez Courtrai (Kortrijk), ville de la bataille des \u00c9perons d'or (1302), beffroi UNESCO, b\u00e9guinage UNESCO, tours du Broel, mus\u00e9e Texture et \u00eele Buda. Chef-lieu de l'arrondissement, \u00e0 30 km de Lille. Guide complet. -->\n\n<style>\n  @import url('https:\/\/fonts.googleapis.com\/css2?family=Playfair+Display:ital,wght@0,400;0,600;0,700;1,400&family=Source+Sans+3:wght@300;400;600&display=swap');\n\n  .crt-page {\n    font-family: 'Source Sans 3', sans-serif;\n    font-weight: 400;\n    color: #2c2c2c;\n    background: #faf8f4;\n    max-width: 860px;\n    margin: 0 auto;\n    padding: 0 0 48px 0;\n    line-height: 1.75;\n  }\n  .crt-hero {\n    background: linear-gradient(135deg, #1a3a5c 0%, #2a5a8a 60%, #1e4a70 100%);\n    border-radius: 4px 4px 0 0;\n    padding: 40px 40px 32px 40px;\n    position: relative;\n    overflow: hidden;\n  }\n  .crt-hero::before {\n    content: '';\n    position: absolute;\n    top: -30px; right: -30px;\n    width: 180px; height: 180px;\n    background: rgba(212,175,55,0.12);\n    border-radius: 50%;\n  }\n  .crt-hero-label {\n    font-family: 'Source Sans 3', sans-serif;\n    font-size: 11px;\n    font-weight: 600;\n    letter-spacing: 2.5px;\n    text-transform: uppercase;\n    color: #d4af37;\n    margin-bottom: 8px;\n  }\n  .crt-hero h1 {\n    font-family: 'Playfair Display', serif;\n    font-size: clamp(22px, 4vw, 32px);\n    font-weight: 700;\n    color: #ffffff;\n    margin: 0 0 12px 0;\n    line-height: 1.25;\n  }\n  .crt-hero-intro {\n    font-size: 14.5px;\n    color: rgba(255,255,255,0.82);\n    max-width: 620px;\n    margin: 0;\n    font-weight: 300;\n    line-height: 1.65;\n  }\n  .crt-badges {\n    display: flex;\n    flex-wrap: wrap;\n    gap: 10px;\n    background: #1a3a5c;\n    padding: 14px 40px;\n    border-bottom: 3px solid #d4af37;\n  }\n  .crt-badge {\n    display: flex;\n    align-items: center;\n    gap: 6px;\n    background: rgba(255,255,255,0.10);\n    border: 1px solid rgba(212,175,55,0.35);\n    border-radius: 20px;\n    padding: 4px 12px;\n    font-size: 12.5px;\n    color: #e8e0cc;\n    font-family: 'Source Sans 3', sans-serif;\n  }\n  .crt-badge span.ico { font-size: 14px; }\n  .crt-body { padding: 36px 40px 0 40px; }\n  .crt-stats {\n    display: grid;\n    grid-template-columns: repeat(auto-fit, minmax(130px, 1fr));\n    gap: 12px;\n    background: #eef4fb;\n    border: 1px solid #c2d8ee;\n    border-left: 4px solid #d4af37;\n    border-radius: 4px;\n    padding: 20px 22px;\n    margin-bottom: 32px;\n  }\n  .crt-stat-item { text-align: center; }\n  .crt-stat-value {\n    font-family: 'Playfair Display', serif;\n    font-size: 22px;\n    font-weight: 700;\n    color: #1a3a5c;\n    display: block;\n  }\n  .crt-stat-label {\n    font-size: 11.5px;\n    color: #556;\n    text-transform: uppercase;\n    letter-spacing: 0.8px;\n    font-weight: 600;\n  }\n  .crt-section { margin-bottom: 36px; }\n  .crt-section h2 {\n    font-family: 'Playfair Display', serif;\n    font-size: 20px;\n    font-weight: 700;\n    color: #1a3a5c;\n    border-bottom: 2px solid #d4af37;\n    padding-bottom: 6px;\n    margin: 0 0 18px 0;\n  }\n  .crt-section h3 {\n    font-family: 'Playfair Display', serif;\n    font-size: 16px;\n    font-weight: 600;\n    font-style: italic;\n    color: #2a5a8a;\n    margin: 0 0 10px 0;\n  }\n  .crt-section p {\n    font-size: 15px;\n    margin: 0 0 14px 0;\n    color: #333;\n  }\n  .crt-section p strong { color: #1a3a5c; font-weight: 600; }\n  .crt-section p em { color: #2a5a8a; font-style: italic; }\n  .crt-list {\n    list-style: none;\n    padding: 0;\n    margin: 0 0 14px 0;\n    display: grid;\n    grid-template-columns: repeat(auto-fit, minmax(240px, 1fr));\n    gap: 6px 16px;\n  }\n  .crt-list li {\n    font-size: 14.5px;\n    color: #333;\n    padding: 5px 0 5px 20px;\n    position: relative;\n    border-bottom: 1px dotted #d4c88a;\n  }\n  .crt-list li::before {\n    content: '\u25b8';\n    color: #d4af37;\n    position: absolute;\n    left: 0;\n    font-size: 12px;\n    top: 7px;\n  }\n  .crt-list li strong { color: #1a3a5c; font-weight: 600; }\n  .crt-highlight {\n    background: #fff9ec;\n    border: 1px solid #e8d87a;\n    border-left: 4px solid #d4af37;\n    border-radius: 4px;\n    padding: 16px 20px;\n    margin-bottom: 20px;\n    font-size: 14.5px;\n    color: #443a00;\n    font-style: italic;\n    line-height: 1.65;\n  }\n  .crt-duo {\n    display: grid;\n    grid-template-columns: 1fr 1fr;\n    gap: 16px;\n    margin-bottom: 16px;\n  }\n  .crt-duo-col {\n    background: #eef4fb;\n    border: 1px solid #c2d8ee;\n    border-radius: 4px;\n    padding: 14px 16px;\n  }\n  .crt-duo-col h4 {\n    font-family: 'Playfair Display', serif;\n    font-size: 13.5px;\n    font-weight: 600;\n    color: #1a3a5c;\n    margin: 0 0 8px 0;\n    text-transform: uppercase;\n    letter-spacing: 0.6px;\n  }\n  .crt-duo-col p {\n    font-size: 13.5px;\n    color: #444;\n    margin: 0;\n    line-height: 1.6;\n  }\n  .crt-conclusion {\n    background: linear-gradient(135deg, #1a3a5c, #2a5a8a);\n    border-radius: 4px;\n    padding: 24px 28px;\n    margin-top: 8px;\n  }\n  .crt-conclusion p {\n    color: rgba(255,255,255,0.88);\n    font-size: 14.5px;\n    margin: 0;\n    line-height: 1.7;\n    font-style: italic;\n  }\n  .crt-conclusion p strong { color: #d4af37; }\n  .crt-footer {\n    margin-top: 18px;\n    padding-top: 12px;\n    border-top: 1px solid #d4c88a;\n    font-size: 11.5px;\n    color: #999;\n    text-align: right;\n    font-style: italic;\n  }\n  @media (max-width: 600px) {\n    .crt-hero, .crt-body { padding-left: 20px; padding-right: 20px; }\n    .crt-badges { padding: 12px 20px; }\n    .crt-duo { grid-template-columns: 1fr; }\n    .crt-list { grid-template-columns: 1fr; }\n  }\n<\/style>\n\n<div class=\"crt-page\">\n\n  <div class=\"crt-hero\">\n    <div class=\"crt-hero-label\">Fiche ville \u00b7 Belgique<\/div>\n    <h1>Courtrai<br><span style=\"font-size:0.6em;font-weight:400;opacity:0.85\">Kortrijk \u2014 Ville des \u00c9perons d&rsquo;or, du lin et de la Lys<\/span><\/h1>\n    <p class=\"crt-hero-intro\">\u00c9tablie sur les rives de la Lys, \u00e0 mi-chemin entre Lille et Gand, Courtrai est l&rsquo;une des villes les plus charg\u00e9es d&rsquo;histoire de Flandre-Occidentale. Berceau de la <strong>bataille des \u00c9perons d&rsquo;or<\/strong> (1302), grande cit\u00e9 lini\u00e8re aux beffroi et b\u00e9guinage class\u00e9s UNESCO, et ville cr\u00e9ative en pleine renaissance, elle conjugue un pass\u00e9 m\u00e9di\u00e9val riche avec une modernit\u00e9 culturelle affirm\u00e9e.<\/p>\n  <\/div>\n\n  <div class=\"crt-badges\">\n    <div class=\"crt-badge\"><span class=\"ico\">\ud83c\udfdb\ufe0f<\/span> Chef-lieu d&rsquo;arrondissement \u00b7 Flandre-Occ.<\/div>\n    <div class=\"crt-badge\"><span class=\"ico\">\ud83d\uddfa\ufe0f<\/span> Province de Flandre-Occidentale \u00b7 Flandre<\/div>\n    <div class=\"crt-badge\"><span class=\"ico\">\ud83d\udc65<\/span> ~81 000 hab.<\/div>\n    <div class=\"crt-badge\"><span class=\"ico\">\ud83c\udfc6<\/span> Beffroi + B\u00e9guinage UNESCO<\/div>\n    <div class=\"crt-badge\"><span class=\"ico\">\u2694\ufe0f<\/span> Bataille des \u00c9perons d&rsquo;or \u00b7 11 juillet 1302<\/div>\n    <div class=\"crt-badge\"><span class=\"ico\">\ud83c\udf3f<\/span> Capitale flamande du lin<\/div>\n  <\/div>\n\n  <div class=\"crt-body\">\n\n    <div class=\"crt-stats\">\n      <div class=\"crt-stat-item\">\n        <span class=\"crt-stat-value\">Gallo-rom.<\/span>\n        <span class=\"crt-stat-label\">Origines romaines<\/span>\n      <\/div>\n      <div class=\"crt-stat-item\">\n        <span class=\"crt-stat-value\">1302<\/span>\n        <span class=\"crt-stat-label\">Bataille des \u00c9perons d&rsquo;or<\/span>\n      <\/div>\n      <div class=\"crt-stat-value\" style=\"display:none\"><\/div>\n      <div class=\"crt-stat-item\">\n        <span class=\"crt-stat-value\">81 000<\/span>\n        <span class=\"crt-stat-label\">Habitants<\/span>\n      <\/div>\n      <div class=\"crt-stat-item\">\n        <span class=\"crt-stat-value\">2<\/span>\n        <span class=\"crt-stat-label\">Sites UNESCO<\/span>\n      <\/div>\n      <div class=\"crt-stat-item\">\n        <span class=\"crt-stat-value\">30 km<\/span>\n        <span class=\"crt-stat-label\">Distance de Lille<\/span>\n      <\/div>\n      <div class=\"crt-stat-item\">\n        <span class=\"crt-stat-value\">11 juil.<\/span>\n        <span class=\"crt-stat-label\">F\u00eate de la Communaut\u00e9 flamande<\/span>\n      <\/div>\n    <\/div>\n\n    <div class=\"crt-section\">\n      <h2>Histoire : de <em>Cortoriacum<\/em> aux \u00c9perons d&rsquo;or<\/h2>\n      <h3>Origines romaines et essor m\u00e9di\u00e9val<\/h3>\n      <p>Courtrai (<em>Kortrijk<\/em> en n\u00e9erlandais) est fond\u00e9e comme <em>vicus<\/em> romain \u2014 <em>Cortoriacum<\/em> \u2014 au carrefour des chauss\u00e9es reliant Cologne \u00e0 Boulogne et Tournai \u00e0 Oudenburg. D\u00e8s le Moyen \u00c2ge, sa position sur la Lys en fait un centre commercial florissant. La ville re\u00e7oit une charte au XII<sup>e<\/sup> si\u00e8cle et devient l&rsquo;une des ch\u00e2tellenies du comt\u00e9 de Flandre. Sa prosp\u00e9rit\u00e9 repose sur la <strong>draperie<\/strong>, puis, \u00e0 partir du XVI<sup>e<\/sup> si\u00e8cle, sur le <strong>lin<\/strong> \u2014 dont les fibres \u00e9taient rouies dans les eaux de la Lys pour en lib\u00e9rer les filaments les plus fins. Ce processus, qui donnait au lin de Courtrai sa r\u00e9putation mondiale, est \u00e0 l&rsquo;origine du surnom de la ville : <em>linnenstad<\/em>, la ville du lin.<\/p>\n\n      <h3>Le 11 juillet 1302 : la bataille des \u00c9perons d&rsquo;or<\/h3>\n      <p>Le <strong>11 juillet 1302<\/strong>, sur la plaine de Groeninghe aux abords de Courtrai, se d\u00e9roule l&rsquo;une des batailles les plus d\u00e9cisives de l&rsquo;histoire des Pays-Bas m\u00e9di\u00e9vaux. Les <strong>milices communales flamandes<\/strong> \u2014 tisserands, drapiers et artisans arm\u00e9s de goedendags (gourdins ferr\u00e9s) \u2014 affrontent et massacrent la chevalerie du roi de France <strong>Philippe le Bel<\/strong>, venu r\u00e9primer la r\u00e9volte flamande qui avait commenc\u00e9 avec les <em>Matines de Bruges<\/em> quelques semaines plus t\u00f4t. La cavalerie fran\u00e7aise s&#8217;embourbe dans les foss\u00e9s cach\u00e9s derri\u00e8re les lignes flamandes : les chevaliers, incapables de man\u0153uvrer, sont taill\u00e9s en pi\u00e8ces \u00e0 pied. Les vainqueurs ramassent sur le champ de bataille plus de <strong>500 \u00e9perons d&rsquo;or<\/strong> arrach\u00e9s aux chevaliers tomb\u00e9s \u2014 troph\u00e9es qui orn\u00e8rent l&rsquo;\u00e9glise Notre-Dame de Courtrai avant d&rsquo;\u00eatre confisqu\u00e9s par Charles VI en 1382 et emmen\u00e9s \u00e0 Dijon.<\/p>\n      <p>Cette victoire des pi\u00e9tons flamands sur la chevalerie fran\u00e7aise \u2014 \u00e9v\u00e9nement sans pr\u00e9c\u00e9dent dans l&rsquo;Europe m\u00e9di\u00e9vale \u2014 est devenue le symbole fondateur de l&rsquo;identit\u00e9 flamande. Le <strong>11 juillet<\/strong>, anniversaire de la bataille, est depuis 1973 la date officielle de la <strong>F\u00eate de la Communaut\u00e9 flamande<\/strong> de Belgique.<\/p>\n\n      <div class=\"crt-highlight\">\n        Le <strong>Guldensporenslag<\/strong> inspira au XIX<sup>e<\/sup> si\u00e8cle le roman <em>Le Lion de Flandre<\/em> d&rsquo;Henri Conscience (1838), \u0153uvre fondatrice du mouvement flamand. L&rsquo;\u00e9pisode fut \u00e9galement rappel\u00e9 par le roi <strong>Albert I<sup>er<\/sup><\/strong> dans sa proclamation du 5 ao\u00fbt 1914 pour mobiliser les Flamands face \u00e0 l&rsquo;invasion allemande.\n      <\/div>\n    <\/div>\n\n    <div class=\"crt-section\">\n      <h2>Patrimoine UNESCO : beffroi et b\u00e9guinage<\/h2>\n      <h3>Le beffroi \u2014 plus ancien beffroi de Belgique<\/h3>\n      <p>Dress\u00e9 sur la Grand-Place, le <strong>beffroi de Courtrai<\/strong> est class\u00e9 au <strong>patrimoine mondial de l&rsquo;UNESCO depuis 1999<\/strong> parmi les beffrois de Belgique et du nord de la France. Vestige de l&rsquo;ancienne halle aux draps m\u00e9di\u00e9vale (d\u00e9molie en 1897\u20131899), sa partie inf\u00e9rieure date du XIV<sup>e<\/sup> si\u00e8cle ; les cinq tourelles caract\u00e9ristiques, de 1520. La tourelle centrale est surmont\u00e9e d&rsquo;une statue de Mercure, et les deux jacquemarts \u2014 <em>Manten<\/em> et <em>Kalle<\/em> \u2014 sonnent les heures depuis des si\u00e8cles. C&rsquo;est le plus ancien beffroi de Belgique encore debout.<\/p>\n\n      <h3>Le b\u00e9guinage Sainte-\u00c9lisabeth<\/h3>\n      <p>Fond\u00e9 en <strong>1238<\/strong> par la comtesse de Flandre <strong>Jeanne de Constantinople<\/strong>, le b\u00e9guinage de Courtrai est class\u00e9 au <strong>patrimoine mondial de l&rsquo;UNESCO<\/strong> parmi les b\u00e9guinages flamands. Ses <strong>41 maisonnettes<\/strong> blanchies \u00e0 la chaux, toutes datant du XVII<sup>e<\/sup> si\u00e8cle, bordent des ruelles pav\u00e9es dans un silence de clo\u00eetre \u2014 \u00e0 quelques pas seulement de la Grand-Place anim\u00e9e. Sa particularit\u00e9 : avoir \u00e9t\u00e9 construit en plein c\u0153ur de ville, sans l&rsquo;enceinte qui isole habituellement les b\u00e9guinages.<\/p>\n\n      <h3>Les tours du Broel<\/h3>\n      <p>Sur les bords de la Lys, les <strong>deux tours du Broel<\/strong> sont les seuls vestiges des fortifications m\u00e9di\u00e9vales de Courtrai, d\u00e9molies en <strong>1684<\/strong> sur ordre de <strong>Louis XIV<\/strong> apr\u00e8s la prise de la ville. La tour sud (<em>Speyetoren<\/em>, XIV<sup>e<\/sup> s.) et la tour nord (<em>Inghelburgtoren<\/em>, d\u00e9but XV<sup>e<\/sup> s.) forment l&#8217;embl\u00e8me le plus pittoresque de la ville, encadrant le pont sur la rivi\u00e8re et offrant une vue saisissante sur le centre historique.<\/p>\n    <\/div>\n\n    <div class=\"crt-section\">\n      <h2>Mus\u00e9es et attractions incontournables<\/h2>\n      <ul class=\"crt-list\">\n        <li><strong>Beffroi<\/strong> \u2014 UNESCO, XIV<sup>e<\/sup>\u2013XVI<sup>e<\/sup> s., Manten et Kalle<\/li>\n        <li><strong>B\u00e9guinage Sainte-\u00c9lisabeth<\/strong> \u2014 UNESCO, 1238, 41 maisonnettes<\/li>\n        <li><strong>Tours du Broel<\/strong> \u2014 embl\u00e8me de la ville, bords de la Lys<\/li>\n        <li><strong>Kortrijk 1302<\/strong> \u2014 mus\u00e9e immersif, bataille des \u00c9perons d&rsquo;or<\/li>\n        <li><strong>Texture<\/strong> \u2014 mus\u00e9e du lin, de la draperie et de la Lys<\/li>\n        <li><strong>H\u00f4tel de ville<\/strong> \u2014 gothique-Renaissance, statues des comtes de Flandre<\/li>\n        <li><strong>\u00c9glise Notre-Dame<\/strong> \u2014 gothique, anciens \u00e9perons d&rsquo;or<\/li>\n        <li><strong>Chapelle des Comtes<\/strong> \u2014 sur le mod\u00e8le de la Sainte-Chapelle de Paris<\/li>\n        <li><strong>\u00cele Buda<\/strong> \u2014 quartier cr\u00e9atif, Budascoop, galeries, terrasses sur la Lys<\/li>\n        <li><strong>Monument de Groeninghe<\/strong> \u2014 site de la bataille, statue de la Vierge de Flandre<\/li>\n        <li><strong>Parc de la Reine Astrid<\/strong> \u2014 verdure en centre-ville<\/li>\n        <li><strong>K Tower<\/strong> \u2014 immeuble r\u00e9sidentiel de l&rsquo;architecte Philippe Samyn<\/li>\n        <li><strong>Rives de la Lys<\/strong> \u2014 balades, terrasses, promenades en bateau<\/li>\n      <\/ul>\n    <\/div>\n\n    <div class=\"crt-section\">\n      <h2>La Lys, le lin et la cr\u00e9ativit\u00e9 courtraisienne<\/h2>\n      <h3>La ville du lin<\/h3>\n      <p>Pendant des si\u00e8cles, la Lys a \u00e9t\u00e9 l&rsquo;art\u00e8re vitale de l&rsquo;\u00e9conomie courtraisienne. Le <em>rouissage<\/em> du lin dans ses eaux \u2014 technique qui consiste \u00e0 immerger les tiges pour en d\u00e9composer la partie ligneuse et lib\u00e9rer les fibres soyeuses \u2014 rendait le lin de Courtrai particuli\u00e8rement r\u00e9put\u00e9. Au XIX<sup>e<\/sup> si\u00e8cle, la ville \u00e9tait l&rsquo;une des premi\u00e8res capitales mondiales du textile de lin. Le mus\u00e9e <strong>Texture<\/strong>, install\u00e9 dans une ancienne halle, retrace cette \u00e9pop\u00e9e industrielle et artisanale en trois grandes salles.<\/p>\n\n      <div class=\"crt-duo\">\n        <div class=\"crt-duo-col\">\n          <h4>\ud83c\udfdd\ufe0f L&rsquo;\u00eele Buda<\/h4>\n          <p>Form\u00e9e par un bras de la Lys en plein centre-ville, l&rsquo;\u00eele Buda est le quartier cr\u00e9atif de Courtrai : cin\u00e9ma d&rsquo;auteur Budascoop, galeries d&rsquo;art contemporain, anciens entrep\u00f4ts reconvertis, terrasses au bord de l&rsquo;eau. Ce laboratoire urbain attire artistes, designers et entrepreneurs culturels dans une ambiance d\u00e9lib\u00e9r\u00e9ment alternative.<\/p>\n        <\/div>\n        <div class=\"crt-duo-col\">\n          <h4>\ud83c\udf0d L&rsquo;Eurom\u00e9tropole<\/h4>\n          <p>Courtrai fait partie de l&rsquo;<strong>Eurom\u00e9tropole Lille-Courtrai-Tournai<\/strong>, premier GECT (Groupement europ\u00e9en de coop\u00e9ration territoriale) d&rsquo;Europe depuis 2008, regroupant quelque 1,9 million d&rsquo;habitants. La proximit\u00e9 de Lille (30 km, 25 min en train) en fait une destination tr\u00e8s accessible depuis le nord de la France.<\/p>\n        <\/div>\n      <\/div>\n    <\/div>\n\n    <div class=\"crt-conclusion\">\n      <p>Courtrai est une ville qui a marqu\u00e9 l&rsquo;histoire de l&rsquo;Europe \u2014 c&rsquo;est ici que, le 11 juillet 1302, des artisans flamands ont mis \u00e0 genoux la fine fleur de la chevalerie fran\u00e7aise, et que cette date est devenue le symbole d&rsquo;un peuple. Mais la <strong>ville des \u00c9perons d&rsquo;or<\/strong> n&rsquo;est pas seulement un mus\u00e9e \u00e0 ciel ouvert : ses rives de Lys am\u00e9nag\u00e9es, son \u00eele Buda cr\u00e9ative et son beffroi mill\u00e9naire t\u00e9moignent d&rsquo;une ville qui sait honorer son pass\u00e9 tout en regardant vers l&rsquo;avenir.<\/p>\n    <\/div>\n\n    <div class=\"crt-footer\">Source : anabel.be\/web \u2014 Fiche ville Courtrai (Kortrijk)<\/div>\n\n  <\/div>\n<\/div>\n\n","protected":false},"excerpt":{"rendered":"<p>Fiche ville \u00b7 Belgique CourtraiKortrijk \u2014 Ville des \u00c9perons d&rsquo;or, du lin et de la Lys \u00c9tablie sur les rives de la Lys, \u00e0 mi-chemin entre Lille et Gand, Courtrai est l&rsquo;une des villes les plus charg\u00e9es d&rsquo;histoire de Flandre-Occidentale. Berceau de la bataille des \u00c9perons d&rsquo;or (1302), grande cit\u00e9 lini\u00e8re aux beffroi et b\u00e9guinage [&hellip;]<\/p>\n","protected":false},"author":2,"featured_media":0,"comment_status":"closed","ping_status":"closed","sticky":false,"template":"","format":"standard","meta":{"_jetpack_memberships_contains_paid_content":false,"footnotes":""},"categories":[70],"tags":[41,69,57,71],"class_list":["post-763","post","type-post","status-publish","format-standard","hentry","category-decouvertes","tag-communes","tag-decouverte","tag-histoire","tag-tourisme"],"jetpack_featured_media_url":"","jetpack_sharing_enabled":true,"_links":{"self":[{"href":"https:\/\/www.anabel.be\/web\/wp-json\/wp\/v2\/posts\/763","targetHints":{"allow":["GET"]}}],"collection":[{"href":"https:\/\/www.anabel.be\/web\/wp-json\/wp\/v2\/posts"}],"about":[{"href":"https:\/\/www.anabel.be\/web\/wp-json\/wp\/v2\/types\/post"}],"author":[{"embeddable":true,"href":"https:\/\/www.anabel.be\/web\/wp-json\/wp\/v2\/users\/2"}],"replies":[{"embeddable":true,"href":"https:\/\/www.anabel.be\/web\/wp-json\/wp\/v2\/comments?post=763"}],"version-history":[{"count":1,"href":"https:\/\/www.anabel.be\/web\/wp-json\/wp\/v2\/posts\/763\/revisions"}],"predecessor-version":[{"id":764,"href":"https:\/\/www.anabel.be\/web\/wp-json\/wp\/v2\/posts\/763\/revisions\/764"}],"wp:attachment":[{"href":"https:\/\/www.anabel.be\/web\/wp-json\/wp\/v2\/media?parent=763"}],"wp:term":[{"taxonomy":"category","embeddable":true,"href":"https:\/\/www.anabel.be\/web\/wp-json\/wp\/v2\/categories?post=763"},{"taxonomy":"post_tag","embeddable":true,"href":"https:\/\/www.anabel.be\/web\/wp-json\/wp\/v2\/tags?post=763"}],"curies":[{"name":"wp","href":"https:\/\/api.w.org\/{rel}","templated":true}]}}