{"id":761,"date":"2026-04-22T21:05:17","date_gmt":"2026-04-22T19:05:17","guid":{"rendered":"https:\/\/www.anabel.be\/web\/?p=761"},"modified":"2026-04-22T21:09:20","modified_gmt":"2026-04-22T19:09:20","slug":"sint-niklaas-la-plus-grande-grand-place-de-belgique-mercator-et-les-vredesfeesten-flandre-orientale","status":"publish","type":"post","link":"https:\/\/www.anabel.be\/web\/sint-niklaas-la-plus-grande-grand-place-de-belgique-mercator-et-les-vredesfeesten-flandre-orientale\/","title":{"rendered":"Sint-Niklaas : la plus grande Grand-Place de Belgique, Mercator et les Vredesfeesten | Flandre-Orientale"},"content":{"rendered":"\n<!-- Fiche ville : Sint-Niklaas (Saint-Nicolas) \u2014 anabel.be\/web -->\n<!-- Meta title sugg\u00e9r\u00e9 : Sint-Niklaas : la plus grande Grand-Place de Belgique, Mercator et les Vredesfeesten | Flandre-Orientale -->\n<!-- Meta description sugg\u00e9r\u00e9e : D\u00e9couvrez Sint-Niklaas (Saint-Nicolas-Waes), capitale du Waasland : plus grande place de march\u00e9 de Belgique, mus\u00e9e MAP-Mercator, festival de montgolfi\u00e8res Vredesfeesten, Art nouveau et textile flamand. Guide complet. -->\n\n<style>\n  @import url('https:\/\/fonts.googleapis.com\/css2?family=Playfair+Display:ital,wght@0,400;0,600;0,700;1,400&family=Source+Sans+3:wght@300;400;600&display=swap');\n\n  .snk-page {\n    font-family: 'Source Sans 3', sans-serif;\n    font-weight: 400;\n    color: #2c2c2c;\n    background: #faf8f4;\n    max-width: 860px;\n    margin: 0 auto;\n    padding: 0 0 48px 0;\n    line-height: 1.75;\n  }\n  .snk-hero {\n    background: linear-gradient(135deg, #1a3a5c 0%, #2a5a8a 60%, #1e4a70 100%);\n    border-radius: 4px 4px 0 0;\n    padding: 40px 40px 32px 40px;\n    position: relative;\n    overflow: hidden;\n  }\n  .snk-hero::before {\n    content: '';\n    position: absolute;\n    top: -30px; right: -30px;\n    width: 180px; height: 180px;\n    background: rgba(212,175,55,0.12);\n    border-radius: 50%;\n  }\n  .snk-hero-label {\n    font-family: 'Source Sans 3', sans-serif;\n    font-size: 11px;\n    font-weight: 600;\n    letter-spacing: 2.5px;\n    text-transform: uppercase;\n    color: #d4af37;\n    margin-bottom: 8px;\n  }\n  .snk-hero h1 {\n    font-family: 'Playfair Display', serif;\n    font-size: clamp(22px, 4vw, 32px);\n    font-weight: 700;\n    color: #ffffff;\n    margin: 0 0 12px 0;\n    line-height: 1.25;\n  }\n  .snk-hero-intro {\n    font-size: 14.5px;\n    color: rgba(255,255,255,0.82);\n    max-width: 620px;\n    margin: 0;\n    font-weight: 300;\n    line-height: 1.65;\n  }\n  .snk-badges {\n    display: flex;\n    flex-wrap: wrap;\n    gap: 10px;\n    background: #1a3a5c;\n    padding: 14px 40px;\n    border-bottom: 3px solid #d4af37;\n  }\n  .snk-badge {\n    display: flex;\n    align-items: center;\n    gap: 6px;\n    background: rgba(255,255,255,0.10);\n    border: 1px solid rgba(212,175,55,0.35);\n    border-radius: 20px;\n    padding: 4px 12px;\n    font-size: 12.5px;\n    color: #e8e0cc;\n    font-family: 'Source Sans 3', sans-serif;\n  }\n  .snk-badge span.ico { font-size: 14px; }\n  .snk-body { padding: 36px 40px 0 40px; }\n  .snk-stats {\n    display: grid;\n    grid-template-columns: repeat(auto-fit, minmax(130px, 1fr));\n    gap: 12px;\n    background: #eef4fb;\n    border: 1px solid #c2d8ee;\n    border-left: 4px solid #d4af37;\n    border-radius: 4px;\n    padding: 20px 22px;\n    margin-bottom: 32px;\n  }\n  .snk-stat-item { text-align: center; }\n  .snk-stat-value {\n    font-family: 'Playfair Display', serif;\n    font-size: 22px;\n    font-weight: 700;\n    color: #1a3a5c;\n    display: block;\n  }\n  .snk-stat-label {\n    font-size: 11.5px;\n    color: #556;\n    text-transform: uppercase;\n    letter-spacing: 0.8px;\n    font-weight: 600;\n  }\n  .snk-section { margin-bottom: 36px; }\n  .snk-section h2 {\n    font-family: 'Playfair Display', serif;\n    font-size: 20px;\n    font-weight: 700;\n    color: #1a3a5c;\n    border-bottom: 2px solid #d4af37;\n    padding-bottom: 6px;\n    margin: 0 0 18px 0;\n  }\n  .snk-section h3 {\n    font-family: 'Playfair Display', serif;\n    font-size: 16px;\n    font-weight: 600;\n    font-style: italic;\n    color: #2a5a8a;\n    margin: 0 0 10px 0;\n  }\n  .snk-section p {\n    font-size: 15px;\n    margin: 0 0 14px 0;\n    color: #333;\n  }\n  .snk-section p strong { color: #1a3a5c; font-weight: 600; }\n  .snk-section p em { color: #2a5a8a; font-style: italic; }\n  .snk-list {\n    list-style: none;\n    padding: 0;\n    margin: 0 0 14px 0;\n    display: grid;\n    grid-template-columns: repeat(auto-fit, minmax(240px, 1fr));\n    gap: 6px 16px;\n  }\n  .snk-list li {\n    font-size: 14.5px;\n    color: #333;\n    padding: 5px 0 5px 20px;\n    position: relative;\n    border-bottom: 1px dotted #d4c88a;\n  }\n  .snk-list li::before {\n    content: '\u25b8';\n    color: #d4af37;\n    position: absolute;\n    left: 0;\n    font-size: 12px;\n    top: 7px;\n  }\n  .snk-list li strong { color: #1a3a5c; font-weight: 600; }\n  .snk-highlight {\n    background: #fff9ec;\n    border: 1px solid #e8d87a;\n    border-left: 4px solid #d4af37;\n    border-radius: 4px;\n    padding: 16px 20px;\n    margin-bottom: 20px;\n    font-size: 14.5px;\n    color: #443a00;\n    font-style: italic;\n    line-height: 1.65;\n  }\n  .snk-duo {\n    display: grid;\n    grid-template-columns: 1fr 1fr;\n    gap: 16px;\n    margin-bottom: 16px;\n  }\n  .snk-duo-col {\n    background: #eef4fb;\n    border: 1px solid #c2d8ee;\n    border-radius: 4px;\n    padding: 14px 16px;\n  }\n  .snk-duo-col h4 {\n    font-family: 'Playfair Display', serif;\n    font-size: 13.5px;\n    font-weight: 600;\n    color: #1a3a5c;\n    margin: 0 0 8px 0;\n    text-transform: uppercase;\n    letter-spacing: 0.6px;\n  }\n  .snk-duo-col p {\n    font-size: 13.5px;\n    color: #444;\n    margin: 0;\n    line-height: 1.6;\n  }\n  .snk-conclusion {\n    background: linear-gradient(135deg, #1a3a5c, #2a5a8a);\n    border-radius: 4px;\n    padding: 24px 28px;\n    margin-top: 8px;\n  }\n  .snk-conclusion p {\n    color: rgba(255,255,255,0.88);\n    font-size: 14.5px;\n    margin: 0;\n    line-height: 1.7;\n    font-style: italic;\n  }\n  .snk-conclusion p strong { color: #d4af37; }\n  .snk-footer {\n    margin-top: 18px;\n    padding-top: 12px;\n    border-top: 1px solid #d4c88a;\n    font-size: 11.5px;\n    color: #999;\n    text-align: right;\n    font-style: italic;\n  }\n  @media (max-width: 600px) {\n    .snk-hero, .snk-body { padding-left: 20px; padding-right: 20px; }\n    .snk-badges { padding: 12px 20px; }\n    .snk-duo { grid-template-columns: 1fr; }\n    .snk-list { grid-template-columns: 1fr; }\n  }\n<\/style>\n\n<div class=\"snk-page\">\n\n  <div class=\"snk-hero\">\n    <div class=\"snk-hero-label\">Fiche ville \u00b7 Belgique<\/div>\n    <h1>Sint-Niklaas<br><span style=\"font-size:0.6em;font-weight:400;opacity:0.85\">Saint-Nicolas-Waes \u2014 Capitale du Waasland, ville de Mercator et des montgolfi\u00e8res<\/span><\/h1>\n    <p class=\"snk-hero-intro\">\u00c0 mi-chemin entre Anvers et Gand, en Flandre-Orientale, Sint-Niklaas est la capitale du <em>Waasland<\/em>, cette r\u00e9gion de polders et de plaines encercl\u00e9e sur trois c\u00f4t\u00e9s par l&rsquo;Escaut. Fond\u00e9e en 1217 autour de l&rsquo;\u00e9glise d\u00e9di\u00e9e \u00e0 saint Nicolas, elle poss\u00e8de la <strong>plus grande Grand-Place de Belgique<\/strong>, un h\u00e9ritage textile et cartographique exceptionnel, et l&rsquo;un des festivals de montgolfi\u00e8res les plus spectaculaires du pays.<\/p>\n  <\/div>\n\n  <div class=\"snk-badges\">\n    <div class=\"snk-badge\"><span class=\"ico\">\ud83c\udfd9\ufe0f<\/span> Capitale du Waasland<\/div>\n    <div class=\"snk-badge\"><span class=\"ico\">\ud83d\uddfa\ufe0f<\/span> Province de Flandre-Orientale \u00b7 Flandre<\/div>\n    <div class=\"snk-badge\"><span class=\"ico\">\ud83d\udc65<\/span> ~80 000 hab. \u00b7 conurb. 125 000<\/div>\n    <div class=\"snk-badge\"><span class=\"ico\">\ud83d\udfe9<\/span> Plus grande Grand-Place de Belgique<\/div>\n    <div class=\"snk-badge\"><span class=\"ico\">\ud83d\uddfa\ufe0f<\/span> Terre de Mercator le cartographe<\/div>\n    <div class=\"snk-badge\"><span class=\"ico\">\ud83c\udf88<\/span> Vredesfeesten \u00b7 festival de ballons<\/div>\n  <\/div>\n\n  <div class=\"snk-body\">\n\n    <div class=\"snk-stats\">\n      <div class=\"snk-stat-item\">\n        <span class=\"snk-stat-value\">1217<\/span>\n        <span class=\"snk-stat-label\">Fondation de l&rsquo;\u00e9glise<\/span>\n      <\/div>\n      <div class=\"snk-stat-item\">\n        <span class=\"snk-stat-value\">1248<\/span>\n        <span class=\"snk-stat-label\">Don de la Grand-Place<\/span>\n      <\/div>\n      <div class=\"snk-stat-item\">\n        <span class=\"snk-stat-value\">3,19 ha<\/span>\n        <span class=\"snk-stat-label\">Surface de la Grote Markt<\/span>\n      <\/div>\n      <div class=\"snk-stat-value\" style=\"display:none\"><\/div>\n      <div class=\"snk-stat-item\">\n        <span class=\"snk-stat-value\">80 000<\/span>\n        <span class=\"snk-stat-label\">Habitants (commune)<\/span>\n      <\/div>\n      <div class=\"snk-stat-item\">\n        <span class=\"snk-stat-value\">1512<\/span>\n        <span class=\"snk-stat-label\">Naissance de Mercator<\/span>\n      <\/div>\n      <div class=\"snk-stat-item\">\n        <span class=\"snk-stat-value\">~50<\/span>\n        <span class=\"snk-stat-label\">Montgolfi\u00e8res aux Vredesfeesten<\/span>\n      <\/div>\n    <\/div>\n\n    <div class=\"snk-section\">\n      <h2>Histoire et patrimoine<\/h2>\n      <h3>Une ville n\u00e9e d&rsquo;une \u00e9glise et d&rsquo;une donation princi\u00e8re<\/h3>\n      <p>L&rsquo;histoire de Sint-Niklaas commence r\u00e9ellement en <strong>1217<\/strong>, lorsque l&rsquo;\u00e9v\u00eaque de Tournai fonde sur ce territoire une \u00e9glise d\u00e9di\u00e9e \u00e0 <strong>saint Nicolas<\/strong> \u2014 patron des commer\u00e7ants et des marins \u2014 au c\u0153ur du <em>Waasland<\/em>, cette r\u00e9gion de polders cern\u00e9e par l&rsquo;Escaut. La position strat\u00e9gique de la ville sur l&rsquo;axe commercial Gand\u2013Anvers favorise son essor : d\u00e8s <strong>1241<\/strong>, elle devient le centre administratif de la r\u00e9gion. En <strong>1248<\/strong>, <strong>Marguerite de Constantinople<\/strong>, comtesse de Flandre, c\u00e8de un vaste terrain \u00e0 la paroisse \u00e0 condition qu&rsquo;il ne soit <em>jamais b\u00e2ti<\/em> \u2014 geste fondateur qui explique les dimensions hors norme de la Grand-Place actuelle. En <strong>1513<\/strong>, l&#8217;empereur Maximilien Ier accorde \u00e0 la ville le droit d&rsquo;organiser un march\u00e9 hebdomadaire. Napol\u00e9on, en visite en <strong>1803<\/strong>, lui conf\u00e8re officiellement le titre de ville.<\/p>\n      <p>Le XVII<sup>e<\/sup> si\u00e8cle est une p\u00e9riode de prosp\u00e9rit\u00e9 port\u00e9e par les industries du <strong>lin, de la laine et du coton<\/strong>. La r\u00e9volution industrielle du XIX<sup>e<\/sup> si\u00e8cle renforce ce pass\u00e9 textile et y ajoute la production de briques. C&rsquo;est \u00e0 cette \u00e9poque que le nord du centre-ville se couvre de maisons bourgeoises <strong>Art nouveau et Art d\u00e9co<\/strong>, t\u00e9moins du rayonnement de la nouvelle classe industrielle. Un incendie d\u00e9vastateur avait d\u00e9j\u00e0 d\u00e9truit une grande partie de la ville en <strong>1690<\/strong> ; la ville s&rsquo;\u00e9tait reconstruite sous le r\u00e9gime autrichien au XVIII<sup>e<\/sup> si\u00e8cle avec un dynamisme remarquable.<\/p>\n\n      <div class=\"snk-highlight\">\n        La <strong>Grote Markt<\/strong> de Sint-Niklaas, avec ses <strong>3,19 hectares<\/strong> \u2014 soit l&rsquo;\u00e9quivalent de six terrains de football \u2014, est la <strong>plus grande place de march\u00e9 de Belgique<\/strong>. Sa taille exceptionnelle est directement li\u00e9e \u00e0 la clause pos\u00e9e par Marguerite de Constantinople en 1248 : ce terrain ne devait jamais \u00eatre construit. Seul l&rsquo;h\u00f4tel de ville n\u00e9ogothique, \u00e9rig\u00e9 en 1878, constitue une entorse \u00e0 cette r\u00e8gle s\u00e9culaire. La place accueille chaque jeudi un march\u00e9 qui perp\u00e9tue une tradition vieille de cinq si\u00e8cles, et se transforme chaque d\u00e9but septembre en piste d&rsquo;envol pour une cinquantaine de montgolfi\u00e8res.\n      <\/div>\n    <\/div>\n\n    <div class=\"snk-section\">\n      <h2>Mercator : le cartographe qui a mis le monde \u00e0 plat<\/h2>\n      <p><strong>G\u00e9rard De Cremer<\/strong>, dit <strong>Gerardus Mercator<\/strong> (Rupelmonde, 1512 \u2013 Duisbourg, 1594), est n\u00e9 \u00e0 <strong>Rupelmonde<\/strong>, village situ\u00e9 \u00e0 quelques kilom\u00e8tres de Sint-Niklaas sur les bords de l&rsquo;Escaut. Ce cartographe et math\u00e9maticien flamand est l&rsquo;auteur de la c\u00e9l\u00e8bre <strong>projection de Mercator<\/strong> (1569) \u2014 projection cylindrique qui, en aplatissant la sph\u00e8re terrestre sur un plan, a r\u00e9volutionn\u00e9 la navigation maritime et reste encore aujourd&rsquo;hui la repr\u00e9sentation la plus utilis\u00e9e du monde. Il est \u00e9galement le premier \u00e0 avoir d\u00e9sign\u00e9 un recueil de cartes du nom d&rsquo;<strong>Atlas<\/strong>, en r\u00e9f\u00e9rence au titan grec.<\/p>\n      <p>Le mus\u00e9e municipal de Sint-Niklaas lui consacre d\u00e9sormais un espace d&rsquo;envergure au sein du <strong>MAP \u2013 Mercator<\/strong>, mus\u00e9e enti\u00e8rement r\u00e9nov\u00e9 et rouvert fin <strong>2025<\/strong> dans le cadre du nouveau complexe mus\u00e9al MAP (Museum aan het Park). Parmi ses pi\u00e8ces ma\u00eetresses : les <strong>globes originaux de Mercator<\/strong> de 1541 (terrestre) et 1551 (c\u00e9leste) \u2014 inscrits sur la liste flamande des \u00ab Topstukken \u00bb, les objets culturels les plus pr\u00e9cieux et les plus rares du pays. Le mus\u00e9e inclut aussi une impressionnante collection d&rsquo;atlas anciens, dont la premi\u00e8re \u00e9dition de Ptol\u00e9m\u00e9e de 1584, et des installations interactives et immersives pour explorer l&rsquo;histoire de la cartographie de l&rsquo;Antiquit\u00e9 \u00e0 aujourd&rsquo;hui.<\/p>\n    <\/div>\n\n    <div class=\"snk-section\">\n      <h2>Les Vredesfeesten : cinquante montgolfi\u00e8res sur la Grand-Place<\/h2>\n      <p>Chaque <strong>premier week-end de septembre<\/strong>, Sint-Niklaas accueille les <strong>Vredesfeesten<\/strong> (F\u00eates de la Paix) \u2014 un festival international de montgolfi\u00e8res qui comm\u00e9more la lib\u00e9ration de la ville par les troupes britanniques le <strong>9 septembre 1944<\/strong>. Le spectacle est saisissant : une cinquantaine de montgolfi\u00e8res d\u00e9collent simultan\u00e9ment depuis la Grote Markt, auxquelles s&rsquo;ajoutent des ballons h\u00e9lium g\u00e9ants et des <em>formes sp\u00e9ciales<\/em> \u2014 montgolfi\u00e8res en forme de verre \u00e0 bi\u00e8re, ch\u00e2teau, dinosaure ou motocyclette. Le tout accompagn\u00e9 d&rsquo;un festival de musique de trois jours, <em>Villa Pace<\/em>. C&rsquo;est l&rsquo;un des rassemblements a\u00e9ronautiques les plus populaires de Belgique.<\/p>\n    <\/div>\n\n    <div class=\"snk-section\">\n      <h2>Tourisme et attractions incontournables<\/h2>\n      <ul class=\"snk-list\">\n        <li><strong>Grote Markt<\/strong> \u2014 3,19 ha, plus grande Grand-Place de Belgique<\/li>\n        <li><strong>H\u00f4tel de ville n\u00e9ogothique<\/strong> \u2014 1878, beffroi, carillon<\/li>\n        <li><strong>\u00c9glise Saint-Nicolas<\/strong> \u2014 fond\u00e9e 1217, gothique et baroque<\/li>\n        <li><strong>\u00c9glise Notre-Dame (OLV-kerk)<\/strong> \u2014 XIX<sup>e<\/sup> s., fa\u00e7ade Byzantine, statue dor\u00e9e<\/li>\n        <li><strong>MAP \u2013 Mercator<\/strong> \u2014 mus\u00e9e r\u00e9nov\u00e9 (2025), globes originaux, cartographie<\/li>\n        <li><strong>MAP \u2013 Den Brei<\/strong> \u2014 industrie textile, machines \u00e0 tricoter historiques<\/li>\n        <li><strong>MAP \u2013 Curiosum<\/strong> \u2014 espace d&rsquo;expositions temporaires et ateliers<\/li>\n        <li><strong>Stedelijk Museum De Salons<\/strong> \u2014 beaux-arts locaux<\/li>\n        <li><strong>Stadspark<\/strong> \u2014 parc central verdoyant, havre de paix<\/li>\n        <li><strong>Quartier Art nouveau &amp; Art d\u00e9co<\/strong> \u2014 nord du centre, XIX<sup>e<\/sup>\u2013XX<sup>e<\/sup> s.<\/li>\n        <li><strong>Houtbriel<\/strong> \u2014 petite place historique aux fa\u00e7ades soign\u00e9es<\/li>\n        <li><strong>Rupelmonde<\/strong> \u2014 village natal de Mercator, ch\u00e2teau m\u00e9di\u00e9val, Escaut<\/li>\n        <li><strong>Waasland Shopping Center<\/strong> \u2014 plus grand centre commercial de plain-pied de Belgique<\/li>\n        <li><strong>Vredesfeesten<\/strong> \u2014 festival de montgolfi\u00e8res, 1<sup>er<\/sup> week-end de septembre<\/li>\n      <\/ul>\n    <\/div>\n\n    <div class=\"snk-section\">\n      <h2>Le Waasland : identit\u00e9 et cadre naturel<\/h2>\n      <div class=\"snk-duo\">\n        <div class=\"snk-duo-col\">\n          <h4>\ud83c\udf0a Le Waasland et l&rsquo;Escaut<\/h4>\n          <p>Le <em>Waasland<\/em> est une r\u00e9gion naturelle et historique de Flandre-Orientale, ceintur\u00e9e sur trois c\u00f4t\u00e9s par l&rsquo;Escaut. Ce territoire de polders, de prairies et de villages agricoles offre de belles promenades \u00e0 v\u00e9lo le long des berges du fleuve \u2014 notamment vers <strong>Rupelmonde<\/strong> (Mercator), <strong>Temse<\/strong> et les paysages de mar\u00e9es de l&rsquo;Escaut.<\/p>\n        <\/div>\n        <div class=\"snk-duo-col\">\n          <h4>\ud83d\udeb6 Ville pi\u00e9tonne prim\u00e9e<\/h4>\n          <p>\u00c0 la suite d&rsquo;importants travaux de r\u00e9am\u00e9nagement, Sint-Niklaas a \u00e9t\u00e9 d\u00e9sign\u00e9e <strong>ville la plus accueillante pour les pi\u00e9tons de Belgique<\/strong>. Le centre-ville, facilement parcouru \u00e0 pied depuis la gare, concentre la Grote Markt, les mus\u00e9es MAP, les rues commer\u00e7antes et les terrasses en quelques centaines de m\u00e8tres.<\/p>\n        <\/div>\n      <\/div>\n    <\/div>\n\n    <div class=\"snk-conclusion\">\n      <p>Sint-Niklaas joue souvent les modestes entre ses imposantes voisines Anvers et Gand \u2014 mais elle cache bien son jeu. Sa Grand-Place d\u00e9mesur\u00e9e, g\u00e9n\u00e9reusement offerte par une comtesse de Flandre il y a pr\u00e8s de huit si\u00e8cles, accueille chaque automne l&rsquo;un des spectacles a\u00e9riens les plus f\u00e9eriques du pays. Son mus\u00e9e MAP r\u00e9nov\u00e9 abrite deux des objets scientifiques les plus rares de Belgique. Et la ville natale de <strong>Mercator<\/strong> n&rsquo;a d\u00e9finitivement pas fini de mettre le monde \u2014 et elle-m\u00eame \u2014 sur la carte.<\/p>\n    <\/div>\n\n    <div class=\"snk-footer\">Source : anabel.be\/web \u2014 Fiche ville Sint-Niklaas (Saint-Nicolas-Waes)<\/div>\n\n  <\/div>\n<\/div>\n\n","protected":false},"excerpt":{"rendered":"<p>Fiche ville \u00b7 Belgique Sint-NiklaasSaint-Nicolas-Waes \u2014 Capitale du Waasland, ville de Mercator et des montgolfi\u00e8res \u00c0 mi-chemin entre Anvers et Gand, en Flandre-Orientale, Sint-Niklaas est la capitale du Waasland, cette r\u00e9gion de polders et de plaines encercl\u00e9e sur trois c\u00f4t\u00e9s par l&rsquo;Escaut. Fond\u00e9e en 1217 autour de l&rsquo;\u00e9glise d\u00e9di\u00e9e \u00e0 saint Nicolas, elle poss\u00e8de la [&hellip;]<\/p>\n","protected":false},"author":2,"featured_media":0,"comment_status":"closed","ping_status":"closed","sticky":false,"template":"","format":"standard","meta":{"_jetpack_memberships_contains_paid_content":false,"footnotes":""},"categories":[70],"tags":[41,69,57,71],"class_list":["post-761","post","type-post","status-publish","format-standard","hentry","category-decouvertes","tag-communes","tag-decouverte","tag-histoire","tag-tourisme"],"jetpack_featured_media_url":"","jetpack_sharing_enabled":true,"_links":{"self":[{"href":"https:\/\/www.anabel.be\/web\/wp-json\/wp\/v2\/posts\/761","targetHints":{"allow":["GET"]}}],"collection":[{"href":"https:\/\/www.anabel.be\/web\/wp-json\/wp\/v2\/posts"}],"about":[{"href":"https:\/\/www.anabel.be\/web\/wp-json\/wp\/v2\/types\/post"}],"author":[{"embeddable":true,"href":"https:\/\/www.anabel.be\/web\/wp-json\/wp\/v2\/users\/2"}],"replies":[{"embeddable":true,"href":"https:\/\/www.anabel.be\/web\/wp-json\/wp\/v2\/comments?post=761"}],"version-history":[{"count":1,"href":"https:\/\/www.anabel.be\/web\/wp-json\/wp\/v2\/posts\/761\/revisions"}],"predecessor-version":[{"id":762,"href":"https:\/\/www.anabel.be\/web\/wp-json\/wp\/v2\/posts\/761\/revisions\/762"}],"wp:attachment":[{"href":"https:\/\/www.anabel.be\/web\/wp-json\/wp\/v2\/media?parent=761"}],"wp:term":[{"taxonomy":"category","embeddable":true,"href":"https:\/\/www.anabel.be\/web\/wp-json\/wp\/v2\/categories?post=761"},{"taxonomy":"post_tag","embeddable":true,"href":"https:\/\/www.anabel.be\/web\/wp-json\/wp\/v2\/tags?post=761"}],"curies":[{"name":"wp","href":"https:\/\/api.w.org\/{rel}","templated":true}]}}