{"id":755,"date":"2026-04-22T21:04:48","date_gmt":"2026-04-22T19:04:48","guid":{"rendered":"https:\/\/www.anabel.be\/web\/?p=755"},"modified":"2026-04-22T21:09:11","modified_gmt":"2026-04-22T19:09:11","slug":"hasselt-capitale-du-limbourg-genievre-jardin-japonais-et-mode-flandre","status":"publish","type":"post","link":"https:\/\/www.anabel.be\/web\/hasselt-capitale-du-limbourg-genievre-jardin-japonais-et-mode-flandre\/","title":{"rendered":"Hasselt : capitale du Limbourg, geni\u00e8vre, jardin japonais et mode | Flandre"},"content":{"rendered":"\n<!-- Fiche ville : Hasselt \u2014 anabel.be\/web -->\n<!-- Meta title sugg\u00e9r\u00e9 : Hasselt : capitale du Limbourg, geni\u00e8vre, jardin japonais et mode | Flandre -->\n<!-- Meta description sugg\u00e9r\u00e9e : D\u00e9couvrez Hasselt, capitale du Limbourg belge : plus grand jardin japonais d'Europe, mus\u00e9e national du geni\u00e8vre, Modemuseum, abbaye d'Herkenrode, Z33, Bokrijk et Hesbaye fruiti\u00e8re. Guide complet. -->\n\n<style>\n  @import url('https:\/\/fonts.googleapis.com\/css2?family=Playfair+Display:ital,wght@0,400;0,600;0,700;1,400&family=Source+Sans+3:wght@300;400;600&display=swap');\n\n  .hsl-page {\n    font-family: 'Source Sans 3', sans-serif;\n    font-weight: 400;\n    color: #2c2c2c;\n    background: #faf8f4;\n    max-width: 860px;\n    margin: 0 auto;\n    padding: 0 0 48px 0;\n    line-height: 1.75;\n  }\n  .hsl-hero {\n    background: linear-gradient(135deg, #1a3a5c 0%, #2a5a8a 60%, #1e4a70 100%);\n    border-radius: 4px 4px 0 0;\n    padding: 40px 40px 32px 40px;\n    position: relative;\n    overflow: hidden;\n  }\n  .hsl-hero::before {\n    content: '';\n    position: absolute;\n    top: -30px; right: -30px;\n    width: 180px; height: 180px;\n    background: rgba(212,175,55,0.12);\n    border-radius: 50%;\n  }\n  .hsl-hero-label {\n    font-family: 'Source Sans 3', sans-serif;\n    font-size: 11px;\n    font-weight: 600;\n    letter-spacing: 2.5px;\n    text-transform: uppercase;\n    color: #d4af37;\n    margin-bottom: 8px;\n  }\n  .hsl-hero h1 {\n    font-family: 'Playfair Display', serif;\n    font-size: clamp(22px, 4vw, 32px);\n    font-weight: 700;\n    color: #ffffff;\n    margin: 0 0 12px 0;\n    line-height: 1.25;\n  }\n  .hsl-hero-intro {\n    font-size: 14.5px;\n    color: rgba(255,255,255,0.82);\n    max-width: 620px;\n    margin: 0;\n    font-weight: 300;\n    line-height: 1.65;\n  }\n  .hsl-badges {\n    display: flex;\n    flex-wrap: wrap;\n    gap: 10px;\n    background: #1a3a5c;\n    padding: 14px 40px;\n    border-bottom: 3px solid #d4af37;\n  }\n  .hsl-badge {\n    display: flex;\n    align-items: center;\n    gap: 6px;\n    background: rgba(255,255,255,0.10);\n    border: 1px solid rgba(212,175,55,0.35);\n    border-radius: 20px;\n    padding: 4px 12px;\n    font-size: 12.5px;\n    color: #e8e0cc;\n    font-family: 'Source Sans 3', sans-serif;\n  }\n  .hsl-badge span.ico { font-size: 14px; }\n  .hsl-body { padding: 36px 40px 0 40px; }\n  .hsl-stats {\n    display: grid;\n    grid-template-columns: repeat(auto-fit, minmax(130px, 1fr));\n    gap: 12px;\n    background: #eef4fb;\n    border: 1px solid #c2d8ee;\n    border-left: 4px solid #d4af37;\n    border-radius: 4px;\n    padding: 20px 22px;\n    margin-bottom: 32px;\n  }\n  .hsl-stat-item { text-align: center; }\n  .hsl-stat-value {\n    font-family: 'Playfair Display', serif;\n    font-size: 22px;\n    font-weight: 700;\n    color: #1a3a5c;\n    display: block;\n  }\n  .hsl-stat-label {\n    font-size: 11.5px;\n    color: #556;\n    text-transform: uppercase;\n    letter-spacing: 0.8px;\n    font-weight: 600;\n  }\n  .hsl-section { margin-bottom: 36px; }\n  .hsl-section h2 {\n    font-family: 'Playfair Display', serif;\n    font-size: 20px;\n    font-weight: 700;\n    color: #1a3a5c;\n    border-bottom: 2px solid #d4af37;\n    padding-bottom: 6px;\n    margin: 0 0 18px 0;\n  }\n  .hsl-section h3 {\n    font-family: 'Playfair Display', serif;\n    font-size: 16px;\n    font-weight: 600;\n    font-style: italic;\n    color: #2a5a8a;\n    margin: 0 0 10px 0;\n  }\n  .hsl-section p {\n    font-size: 15px;\n    margin: 0 0 14px 0;\n    color: #333;\n  }\n  .hsl-section p strong { color: #1a3a5c; font-weight: 600; }\n  .hsl-section p em { color: #2a5a8a; font-style: italic; }\n  .hsl-list {\n    list-style: none;\n    padding: 0;\n    margin: 0 0 14px 0;\n    display: grid;\n    grid-template-columns: repeat(auto-fit, minmax(240px, 1fr));\n    gap: 6px 16px;\n  }\n  .hsl-list li {\n    font-size: 14.5px;\n    color: #333;\n    padding: 5px 0 5px 20px;\n    position: relative;\n    border-bottom: 1px dotted #d4c88a;\n  }\n  .hsl-list li::before {\n    content: '\u25b8';\n    color: #d4af37;\n    position: absolute;\n    left: 0;\n    font-size: 12px;\n    top: 7px;\n  }\n  .hsl-list li strong { color: #1a3a5c; font-weight: 600; }\n  .hsl-highlight {\n    background: #fff9ec;\n    border: 1px solid #e8d87a;\n    border-left: 4px solid #d4af37;\n    border-radius: 4px;\n    padding: 16px 20px;\n    margin-bottom: 20px;\n    font-size: 14.5px;\n    color: #443a00;\n    font-style: italic;\n    line-height: 1.65;\n  }\n  .hsl-duo {\n    display: grid;\n    grid-template-columns: 1fr 1fr;\n    gap: 16px;\n    margin-bottom: 16px;\n  }\n  .hsl-duo-col {\n    background: #eef4fb;\n    border: 1px solid #c2d8ee;\n    border-radius: 4px;\n    padding: 14px 16px;\n  }\n  .hsl-duo-col h4 {\n    font-family: 'Playfair Display', serif;\n    font-size: 13.5px;\n    font-weight: 600;\n    color: #1a3a5c;\n    margin: 0 0 8px 0;\n    text-transform: uppercase;\n    letter-spacing: 0.6px;\n  }\n  .hsl-duo-col p {\n    font-size: 13.5px;\n    color: #444;\n    margin: 0;\n    line-height: 1.6;\n  }\n  .hsl-conclusion {\n    background: linear-gradient(135deg, #1a3a5c, #2a5a8a);\n    border-radius: 4px;\n    padding: 24px 28px;\n    margin-top: 8px;\n  }\n  .hsl-conclusion p {\n    color: rgba(255,255,255,0.88);\n    font-size: 14.5px;\n    margin: 0;\n    line-height: 1.7;\n    font-style: italic;\n  }\n  .hsl-conclusion p strong { color: #d4af37; }\n  .hsl-footer {\n    margin-top: 18px;\n    padding-top: 12px;\n    border-top: 1px solid #d4c88a;\n    font-size: 11.5px;\n    color: #999;\n    text-align: right;\n    font-style: italic;\n  }\n  @media (max-width: 600px) {\n    .hsl-hero, .hsl-body { padding-left: 20px; padding-right: 20px; }\n    .hsl-badges { padding: 12px 20px; }\n    .hsl-duo { grid-template-columns: 1fr; }\n    .hsl-list { grid-template-columns: 1fr; }\n  }\n<\/style>\n\n<div class=\"hsl-page\">\n\n  <div class=\"hsl-hero\">\n    <div class=\"hsl-hero-label\">Fiche ville \u00b7 Belgique<\/div>\n    <h1>Hasselt<br><span style=\"font-size:0.6em;font-weight:400;opacity:0.85\">Capitale du go\u00fbt, du geni\u00e8vre et de la mode au c\u0153ur du Limbourg<\/span><\/h1>\n    <p class=\"hsl-hero-intro\">Nich\u00e9e entre la Campine et la Hesbaye, sur les rives du D\u00e9mer, Hasselt est la capitale de la province du Limbourg belge \u2014 une ville \u00e0 taille humaine, conviviale et commer\u00e7ante, r\u00e9put\u00e9e pour son geni\u00e8vre, sa sc\u00e8ne de la mode, son jardin japonais unique en Europe et l&rsquo;art de vivre limbourgeois dans toute sa douceur.<\/p>\n  <\/div>\n\n  <div class=\"hsl-badges\">\n    <div class=\"hsl-badge\"><span class=\"ico\">\ud83c\udfdb\ufe0f<\/span> Chef-lieu Province de Limbourg<\/div>\n    <div class=\"hsl-badge\"><span class=\"ico\">\ud83d\uddfa\ufe0f<\/span> Province de Limbourg \u00b7 Flandre<\/div>\n    <div class=\"hsl-badge\"><span class=\"ico\">\ud83d\udc65<\/span> ~80 000 hab. (commune)<\/div>\n    <div class=\"hsl-badge\"><span class=\"ico\">\ud83c\udf38<\/span> Plus grand jardin japonais d&rsquo;Europe<\/div>\n    <div class=\"hsl-badge\"><span class=\"ico\">\ud83e\udd43<\/span> Capitale nationale du geni\u00e8vre<\/div>\n    <div class=\"hsl-badge\"><span class=\"ico\">\ud83d\udc57<\/span> 4<sup>e<\/sup> ville commerciale de Belgique<\/div>\n  <\/div>\n\n  <div class=\"hsl-body\">\n\n    <div class=\"hsl-stats\">\n      <div class=\"hsl-stat-item\">\n        <span class=\"hsl-stat-value\">VII<sup>e<\/sup> s.<\/span>\n        <span class=\"hsl-stat-label\">Fondation (Helbeek)<\/span>\n      <\/div>\n      <div class=\"hsl-stat-item\">\n        <span class=\"hsl-stat-value\">1165<\/span>\n        <span class=\"hsl-stat-label\">Charte de \u00ab bonne ville \u00bb<\/span>\n      <\/div>\n      <div class=\"hsl-stat-item\">\n        <span class=\"hsl-stat-value\">80 000<\/span>\n        <span class=\"hsl-stat-label\">Habitants (commune)<\/span>\n      <\/div>\n      <div class=\"hsl-stat-item\">\n        <span class=\"hsl-stat-value\">14 000<\/span>\n        <span class=\"hsl-stat-label\">\u00c9tudiants<\/span>\n      <\/div>\n      <div class=\"hsl-stat-item\">\n        <span class=\"hsl-stat-value\">2 000 km<\/span>\n        <span class=\"hsl-stat-label\">R\u00e9seau cyclable Limbourg<\/span>\n      <\/div>\n      <div class=\"hsl-stat-item\">\n        <span class=\"hsl-stat-value\">1997<\/span>\n        <span class=\"hsl-stat-label\">D\u00e9but des bus gratuits<\/span>\n      <\/div>\n    <\/div>\n\n    <div class=\"hsl-section\">\n      <h2>Histoire et patrimoine<\/h2>\n      <h3>Du comt\u00e9 de Looz \u00e0 la capitale limbourgeoise<\/h3>\n      <p>Fond\u00e9e au <strong>VII<sup>e<\/sup> si\u00e8cle<\/strong> sur le Helbeek, affluent du D\u00e9mer, Hasselt re\u00e7oit le statut de <strong>bonne ville<\/strong> du comt\u00e9 de Looz en <strong>1165<\/strong>, confirm\u00e9 en 1232 par le comte Arnould IV. Elle devient le centre \u00e9conomique du comt\u00e9 \u2014 la capitale officielle \u00e9tant Looz (Borgloon) \u2014 gr\u00e2ce \u00e0 sa position favorable \u00e0 proximit\u00e9 du ch\u00e2teau comtal et de la puissante <strong>abbaye cistercienne d&rsquo;Herkenrode<\/strong>. En <strong>1366<\/strong>, le comt\u00e9 de Looz est int\u00e9gr\u00e9 \u00e0 la principaut\u00e9 de Li\u00e8ge, et Hasselt demeure une des vingt-trois bonnes villes de cette principaut\u00e9 jusqu&rsquo;\u00e0 la R\u00e9volution fran\u00e7aise. Apr\u00e8s la d\u00e9faite de Napol\u00e9on, la ville est int\u00e9gr\u00e9e au royaume des Pays-Bas, puis \u00e0 la Belgique en 1830. Elle doit son r\u00f4le de chef-lieu provincial \u00e0 la r\u00e9trocession aux Pays-Bas, en <strong>1839<\/strong>, de la partie du Limbourg \u00e0 droite de la Meuse avec Maastricht \u2014 qui \u00e9tait jusqu&rsquo;alors la capitale provinciale.<\/p>\n      <p>Aux XIV<sup>e<\/sup>\u2013XV<sup>e<\/sup> si\u00e8cles, Hasselt prosp\u00e8re gr\u00e2ce \u00e0 la <strong>draperie<\/strong>. Quand ce commerce d\u00e9cline, les distillateurs s&rsquo;installent au XVIII<sup>e<\/sup> si\u00e8cle et la ville devient la <strong>plus grande cit\u00e9 de distillateurs de Belgique<\/strong>, construisant sa r\u00e9putation mondiale autour du geni\u00e8vre. Apr\u00e8s la Seconde Guerre mondiale, l&rsquo;ouverture du <strong>canal Albert<\/strong> et de l&rsquo;autoroute Roi-Baudouin ancrent Hasselt dans une dynamique \u00e9conomique industrielle et tertiaire, renforc\u00e9e par la cr\u00e9ation de l&rsquo;<strong>Universit\u00e9 de Hasselt<\/strong> (UHasselt) dans la commune voisine de Diepenbeek.<\/p>\n\n      <div class=\"hsl-highlight\">\n        De <strong>1997 \u00e0 2013<\/strong>, Hasselt a men\u00e9 une exp\u00e9rience unique en Belgique \u2014 et longtemps unique en Europe : la <strong>gratuit\u00e9 totale des transports en bus urbains<\/strong>. Cette d\u00e9cision politique pionni\u00e8re a inspir\u00e9 de nombreuses villes dans le monde entier, m\u00eame si la ville a finalement d\u00fb y renoncer pour des raisons financi\u00e8res. Elle reste l&rsquo;une des exp\u00e9riences de mobilit\u00e9 urbaine les plus cit\u00e9es dans les d\u00e9bats sur la gratuit\u00e9 des transports.\n      <\/div>\n    <\/div>\n\n    <div class=\"hsl-section\">\n      <h2>Mus\u00e9es et attractions embl\u00e9matiques<\/h2>\n      <h3>Le plus grand jardin japonais authentique d&rsquo;Europe<\/h3>\n      <p>En <strong>1992<\/strong>, dans le cadre du jumelage entre Hasselt et la ville japonaise d&rsquo;Itami, un jardin japonais authentique est am\u00e9nag\u00e9 au bord du canal Albert. Con\u00e7u par des architectes paysagistes japonais selon les traditions s\u00e9culaires du jardin zen, le <strong>Jardin japonais de Hasselt<\/strong> est aujourd&rsquo;hui le <strong>plus grand jardin japonais authentique d&rsquo;Europe<\/strong>. Cerisiers en fleurs au printemps, cascades, carpes ko\u00ef, ponts de pierre, lanternes et pavillons de th\u00e9 y composent un espace de s\u00e9r\u00e9nit\u00e9 incomparable, ouvert de mars \u00e0 octobre.<\/p>\n\n      <h3>Le Mus\u00e9e national du Geni\u00e8vre<\/h3>\n      <p>Install\u00e9 dans une <strong>authentique distillerie du XIX<sup>e<\/sup> si\u00e8cle<\/strong>, le <strong>Jenevermuseum<\/strong> retrace l&rsquo;histoire du <em>geni\u00e8vre<\/em> (<em>jenever<\/em>) \u2014 cette eau-de-vie de grain aux baies de gen\u00e9vrier qui est, rappelons-le, l&rsquo;anc\u00eatre direct du gin anglais. Hasselt en fut pendant deux si\u00e8cles la capitale incontest\u00e9e : au XIX<sup>e<\/sup> si\u00e8cle, pas moins d&rsquo;une dizaine de distilleries op\u00e9raient dans la ville. Le mus\u00e9e pr\u00e9sente le processus de distillation en fonctionnement, des collections d&rsquo;affiches et de verres \u00e0 liqueur, et propose des d\u00e9gustations. \u00c0 ne pas manquer : le <strong>Hasseltse koffie<\/strong>, une liqueur de geni\u00e8vre aux extraits naturels de caf\u00e9, sp\u00e9cialit\u00e9 locale incontournable.<\/p>\n    <\/div>\n\n    <div class=\"hsl-section\">\n      <h2>Tourisme et attractions incontournables<\/h2>\n      <ul class=\"hsl-list\">\n        <li><strong>Jardin Japonais<\/strong> \u2014 plus grand d&rsquo;Europe, cerisiers, koi, zen<\/li>\n        <li><strong>Jenevermuseum<\/strong> \u2014 distillerie XIX<sup>e<\/sup> s., d\u00e9gustation, geni\u00e8vre<\/li>\n        <li><strong>Modemuseum Hasselt<\/strong> \u2014 mode occidentale 1750\u2013aujourd&rsquo;hui<\/li>\n        <li><strong>Z33<\/strong> \u2014 art contemporain, architecture et design, entr\u00e9e gratuite<\/li>\n        <li><strong>Het Stadsmus<\/strong> \u2014 mus\u00e9e de la ville, c\u00e9ramiques, entr\u00e9e gratuite<\/li>\n        <li><strong>Villa Verbeelding<\/strong> \u2014 univers du livre et de l&rsquo;illustration<\/li>\n        <li><strong>Abbaye d&rsquo;Herkenrode<\/strong> \u2014 cistercienne, 800 ans, jardin des herbes<\/li>\n        <li><strong>Cath\u00e9drale Saint-Quentin<\/strong> \u2014 gothique, patri\u00admoine prot\u00e9g\u00e9<\/li>\n        <li><strong>Basilique Virga Jesse<\/strong> \u2014 XIV<sup>e<\/sup> si\u00e8cle, p\u00e8lerinage marial<\/li>\n        <li><strong>Bokrijk<\/strong> (Genk) \u2014 mus\u00e9e en plein air, 550 ha, v\u00e9lo dans l&rsquo;eau<\/li>\n        <li><strong>Domaine de Kiewit<\/strong> \u2014 130 ha, \u00e9tangs, De Wijers, promenades<\/li>\n        <li><strong>Parcours de street art<\/strong> \u2014 100+ \u0153uvres dans la ville<\/li>\n        <li><strong>Quartier Bleu<\/strong> \u2014 port de plaisance, terrasses au bord de l&rsquo;eau<\/li>\n        <li><strong>Hesbaye (Haspengouw)<\/strong> \u2014 vergers en fleurs, ch\u00e2teaux, v\u00e9lo<\/li>\n      <\/ul>\n    <\/div>\n\n    <div class=\"hsl-section\">\n      <h2>Mode, gastronomie et art de vivre limbourgeois<\/h2>\n      <h3>La capitale du bon go\u00fbt<\/h3>\n      <p>Hasselt se d\u00e9finit volontiers comme la <strong>\u00ab  capitale du (bon) go\u00fbt \u00bb<\/strong> \u2014 un titre qui embrasse \u00e0 la fois sa culture gastronomique et sa sc\u00e8ne de la mode. Quatri\u00e8me ville commerciale de Belgique apr\u00e8s Bruxelles, Anvers et Li\u00e8ge, elle dispose d&rsquo;un centre pi\u00e9tonnier dense en boutiques exclusives, couvrant les 800 m\u00e8tres de l&rsquo;art\u00e8re principale entre les <em>Portes de Li\u00e8ge<\/em> et <em>de la Campine<\/em>, emprunt\u00e9s chaque semaine par plus de 100 000 personnes.<\/p>\n\n      <div class=\"hsl-duo\">\n        <div class=\"hsl-duo-col\">\n          <h4>\ud83e\udd50 Sp\u00e9cialit\u00e9s locales<\/h4>\n          <p>Le <strong>sp\u00e9culaas de Hasselt<\/strong> \u2014 \u00e0 ne pas confondre avec le sp\u00e9culoos \u2014 est \u00e9pais, croustillant \u00e0 l&rsquo;ext\u00e9rieur et tr\u00e8s tendre \u00e0 l&rsquo;int\u00e9rieur : une institution chez les boulangers locaux. Le geni\u00e8vre se d\u00e9guste en <strong>Hasseltse koffie<\/strong> ou nature dans les caf\u00e9s autour de la Grand-Place. La cuisine limbourgeoise, g\u00e9n\u00e9reuse, valorise les produits locaux de la Hesbaye et de ses vergers.<\/p>\n        <\/div>\n        <div class=\"hsl-duo-col\">\n          <h4>\ud83d\udeb2 Nature et cyclisme<\/h4>\n          <p>Le Limbourg est le <strong>paradis du cyclisme<\/strong> en Belgique avec un r\u00e9seau de <strong>2 000 km<\/strong> de pistes balis\u00e9es. Hasselt est le point de d\u00e9part id\u00e9al pour explorer la r\u00e9gion De Wijers (1001 \u00e9tangs), la r\u00e9serve de bruy\u00e8re De Teut, la Hesbaye fruiti\u00e8re en fleurs au printemps et l&rsquo;exp\u00e9rience unique du <strong>\u00ab  v\u00e9lo dans l&rsquo;eau \u00bb<\/strong> (Fietsen door het Water) \u00e0 Bokrijk.<\/p>\n        <\/div>\n      <\/div>\n\n      <h3>Une ville universitaire et dynamique<\/h3>\n      <p>Avec l&rsquo;<strong>Universit\u00e9 de Hasselt (UHasselt)<\/strong> et trois autres instituts d&rsquo;enseignement sup\u00e9rieur, la ville accueille quelque <strong>14 000 \u00e9tudiants<\/strong> \u2014 ce qui lui conf\u00e8re une vie nocturne anim\u00e9e et une \u00e9nergie cr\u00e9ative visible dans son effervescence culturelle, son street art et ses caf\u00e9s tendance du Quartier Bleu. Hasselt fait partie de l&rsquo;<strong>Euregio Meuse-Rhin<\/strong>, coop\u00e9ration transfrontali\u00e8re avec Maastricht, Aix-la-Chapelle et Li\u00e8ge.<\/p>\n    <\/div>\n\n    <div class=\"hsl-conclusion\">\n      <p>Discr\u00e8te mais singuli\u00e8re, <strong>Hasselt<\/strong> incarne l&rsquo;art de vivre limbourgeois dans ce qu&rsquo;il a de plus doux : une Grand-Place anim\u00e9e o\u00f9 l&rsquo;on d\u00e9guste un verre de geni\u00e8vre au soleil, un jardin japonais o\u00f9 le temps s&rsquo;arr\u00eate au son des cascades, et un r\u00e9seau de pistes cyclables qui s&rsquo;enfonce dans des paysages de landes et de vergers. La <strong>capitale du bon go\u00fbt<\/strong> m\u00e9rite bien son surnom \u2014 et bien plus de visiteurs qu&rsquo;elle n&rsquo;en re\u00e7oit.<\/p>\n    <\/div>\n\n    <div class=\"hsl-footer\">Source : anabel.be\/web \u2014 Fiche ville Hasselt<\/div>\n\n  <\/div>\n<\/div>\n\n","protected":false},"excerpt":{"rendered":"<p>Fiche ville \u00b7 Belgique HasseltCapitale du go\u00fbt, du geni\u00e8vre et de la mode au c\u0153ur du Limbourg Nich\u00e9e entre la Campine et la Hesbaye, sur les rives du D\u00e9mer, Hasselt est la capitale de la province du Limbourg belge \u2014 une ville \u00e0 taille humaine, conviviale et commer\u00e7ante, r\u00e9put\u00e9e pour son geni\u00e8vre, sa sc\u00e8ne de [&hellip;]<\/p>\n","protected":false},"author":2,"featured_media":0,"comment_status":"closed","ping_status":"closed","sticky":false,"template":"","format":"standard","meta":{"_jetpack_memberships_contains_paid_content":false,"footnotes":""},"categories":[70],"tags":[41,69,57,71],"class_list":["post-755","post","type-post","status-publish","format-standard","hentry","category-decouvertes","tag-communes","tag-decouverte","tag-histoire","tag-tourisme"],"jetpack_featured_media_url":"","jetpack_sharing_enabled":true,"_links":{"self":[{"href":"https:\/\/www.anabel.be\/web\/wp-json\/wp\/v2\/posts\/755","targetHints":{"allow":["GET"]}}],"collection":[{"href":"https:\/\/www.anabel.be\/web\/wp-json\/wp\/v2\/posts"}],"about":[{"href":"https:\/\/www.anabel.be\/web\/wp-json\/wp\/v2\/types\/post"}],"author":[{"embeddable":true,"href":"https:\/\/www.anabel.be\/web\/wp-json\/wp\/v2\/users\/2"}],"replies":[{"embeddable":true,"href":"https:\/\/www.anabel.be\/web\/wp-json\/wp\/v2\/comments?post=755"}],"version-history":[{"count":1,"href":"https:\/\/www.anabel.be\/web\/wp-json\/wp\/v2\/posts\/755\/revisions"}],"predecessor-version":[{"id":756,"href":"https:\/\/www.anabel.be\/web\/wp-json\/wp\/v2\/posts\/755\/revisions\/756"}],"wp:attachment":[{"href":"https:\/\/www.anabel.be\/web\/wp-json\/wp\/v2\/media?parent=755"}],"wp:term":[{"taxonomy":"category","embeddable":true,"href":"https:\/\/www.anabel.be\/web\/wp-json\/wp\/v2\/categories?post=755"},{"taxonomy":"post_tag","embeddable":true,"href":"https:\/\/www.anabel.be\/web\/wp-json\/wp\/v2\/tags?post=755"}],"curies":[{"name":"wp","href":"https:\/\/api.w.org\/{rel}","templated":true}]}}