{"id":751,"date":"2026-04-22T21:03:13","date_gmt":"2026-04-22T19:03:13","guid":{"rendered":"https:\/\/www.anabel.be\/web\/?p=751"},"modified":"2026-04-22T21:08:52","modified_gmt":"2026-04-22T19:08:52","slug":"alost-carnaval-beffroi-unesco-et-figures-emblematiques-flandre-orientale","status":"publish","type":"post","link":"https:\/\/www.anabel.be\/web\/alost-carnaval-beffroi-unesco-et-figures-emblematiques-flandre-orientale\/","title":{"rendered":"Alost : carnaval, beffroi UNESCO et figures embl\u00e9matiques | Flandre-Orientale"},"content":{"rendered":"\n<!-- Fiche ville : Alost \u2014 anabel.be\/web -->\n<!-- Meta title sugg\u00e9r\u00e9 : Alost : carnaval, beffroi UNESCO et figures embl\u00e9matiques | Flandre-Orientale -->\n<!-- Meta description sugg\u00e9r\u00e9e : D\u00e9couvrez Alost (Aalst), ancienne capitale de la Flandre imp\u00e9riale : beffroi UNESCO, carnaval multis\u00e9culaire, premi\u00e8re imprimerie des Pays-Bas (Dirk Martens), abb\u00e9 Daens et houblon local. Guide complet. -->\n\n<style>\n  @import url('https:\/\/fonts.googleapis.com\/css2?family=Playfair+Display:ital,wght@0,400;0,600;0,700;1,400&family=Source+Sans+3:wght@300;400;600&display=swap');\n\n  .alt-page {\n    font-family: 'Source Sans 3', sans-serif;\n    font-weight: 400;\n    color: #2c2c2c;\n    background: #faf8f4;\n    max-width: 860px;\n    margin: 0 auto;\n    padding: 0 0 48px 0;\n    line-height: 1.75;\n  }\n  .alt-hero {\n    background: linear-gradient(135deg, #1a3a5c 0%, #2a5a8a 60%, #1e4a70 100%);\n    border-radius: 4px 4px 0 0;\n    padding: 40px 40px 32px 40px;\n    position: relative;\n    overflow: hidden;\n  }\n  .alt-hero::before {\n    content: '';\n    position: absolute;\n    top: -30px; right: -30px;\n    width: 180px; height: 180px;\n    background: rgba(212,175,55,0.12);\n    border-radius: 50%;\n  }\n  .alt-hero-label {\n    font-family: 'Source Sans 3', sans-serif;\n    font-size: 11px;\n    font-weight: 600;\n    letter-spacing: 2.5px;\n    text-transform: uppercase;\n    color: #d4af37;\n    margin-bottom: 8px;\n  }\n  .alt-hero h1 {\n    font-family: 'Playfair Display', serif;\n    font-size: clamp(22px, 4vw, 32px);\n    font-weight: 700;\n    color: #ffffff;\n    margin: 0 0 12px 0;\n    line-height: 1.25;\n  }\n  .alt-hero-intro {\n    font-size: 14.5px;\n    color: rgba(255,255,255,0.82);\n    max-width: 620px;\n    margin: 0;\n    font-weight: 300;\n    line-height: 1.65;\n  }\n  .alt-badges {\n    display: flex;\n    flex-wrap: wrap;\n    gap: 10px;\n    background: #1a3a5c;\n    padding: 14px 40px;\n    border-bottom: 3px solid #d4af37;\n  }\n  .alt-badge {\n    display: flex;\n    align-items: center;\n    gap: 6px;\n    background: rgba(255,255,255,0.10);\n    border: 1px solid rgba(212,175,55,0.35);\n    border-radius: 20px;\n    padding: 4px 12px;\n    font-size: 12.5px;\n    color: #e8e0cc;\n    font-family: 'Source Sans 3', sans-serif;\n  }\n  .alt-badge span.ico { font-size: 14px; }\n  .alt-body { padding: 36px 40px 0 40px; }\n  .alt-stats {\n    display: grid;\n    grid-template-columns: repeat(auto-fit, minmax(130px, 1fr));\n    gap: 12px;\n    background: #eef4fb;\n    border: 1px solid #c2d8ee;\n    border-left: 4px solid #d4af37;\n    border-radius: 4px;\n    padding: 20px 22px;\n    margin-bottom: 32px;\n  }\n  .alt-stat-item { text-align: center; }\n  .alt-stat-value {\n    font-family: 'Playfair Display', serif;\n    font-size: 22px;\n    font-weight: 700;\n    color: #1a3a5c;\n    display: block;\n  }\n  .alt-stat-label {\n    font-size: 11.5px;\n    color: #556;\n    text-transform: uppercase;\n    letter-spacing: 0.8px;\n    font-weight: 600;\n  }\n  .alt-section { margin-bottom: 36px; }\n  .alt-section h2 {\n    font-family: 'Playfair Display', serif;\n    font-size: 20px;\n    font-weight: 700;\n    color: #1a3a5c;\n    border-bottom: 2px solid #d4af37;\n    padding-bottom: 6px;\n    margin: 0 0 18px 0;\n  }\n  .alt-section h3 {\n    font-family: 'Playfair Display', serif;\n    font-size: 16px;\n    font-weight: 600;\n    font-style: italic;\n    color: #2a5a8a;\n    margin: 0 0 10px 0;\n  }\n  .alt-section p {\n    font-size: 15px;\n    margin: 0 0 14px 0;\n    color: #333;\n  }\n  .alt-section p strong { color: #1a3a5c; font-weight: 600; }\n  .alt-section p em { color: #2a5a8a; font-style: italic; }\n  .alt-list {\n    list-style: none;\n    padding: 0;\n    margin: 0 0 14px 0;\n    display: grid;\n    grid-template-columns: repeat(auto-fit, minmax(240px, 1fr));\n    gap: 6px 16px;\n  }\n  .alt-list li {\n    font-size: 14.5px;\n    color: #333;\n    padding: 5px 0 5px 20px;\n    position: relative;\n    border-bottom: 1px dotted #d4c88a;\n  }\n  .alt-list li::before {\n    content: '\u25b8';\n    color: #d4af37;\n    position: absolute;\n    left: 0;\n    font-size: 12px;\n    top: 7px;\n  }\n  .alt-list li strong { color: #1a3a5c; font-weight: 600; }\n  .alt-highlight {\n    background: #fff9ec;\n    border: 1px solid #e8d87a;\n    border-left: 4px solid #d4af37;\n    border-radius: 4px;\n    padding: 16px 20px;\n    margin-bottom: 20px;\n    font-size: 14.5px;\n    color: #443a00;\n    font-style: italic;\n    line-height: 1.65;\n  }\n  .alt-duo {\n    display: grid;\n    grid-template-columns: 1fr 1fr;\n    gap: 16px;\n    margin-bottom: 16px;\n  }\n  .alt-duo-col {\n    background: #eef4fb;\n    border: 1px solid #c2d8ee;\n    border-radius: 4px;\n    padding: 14px 16px;\n  }\n  .alt-duo-col h4 {\n    font-family: 'Playfair Display', serif;\n    font-size: 13.5px;\n    font-weight: 600;\n    color: #1a3a5c;\n    margin: 0 0 8px 0;\n    text-transform: uppercase;\n    letter-spacing: 0.6px;\n  }\n  .alt-duo-col p {\n    font-size: 13.5px;\n    color: #444;\n    margin: 0;\n    line-height: 1.6;\n  }\n  .alt-conclusion {\n    background: linear-gradient(135deg, #1a3a5c, #2a5a8a);\n    border-radius: 4px;\n    padding: 24px 28px;\n    margin-top: 8px;\n  }\n  .alt-conclusion p {\n    color: rgba(255,255,255,0.88);\n    font-size: 14.5px;\n    margin: 0;\n    line-height: 1.7;\n    font-style: italic;\n  }\n  .alt-conclusion p strong { color: #d4af37; }\n  .alt-footer {\n    margin-top: 18px;\n    padding-top: 12px;\n    border-top: 1px solid #d4c88a;\n    font-size: 11.5px;\n    color: #999;\n    text-align: right;\n    font-style: italic;\n  }\n  @media (max-width: 600px) {\n    .alt-hero, .alt-body { padding-left: 20px; padding-right: 20px; }\n    .alt-badges { padding: 12px 20px; }\n    .alt-duo { grid-template-columns: 1fr; }\n    .alt-list { grid-template-columns: 1fr; }\n  }\n<\/style>\n\n<div class=\"alt-page\">\n\n  <div class=\"alt-hero\">\n    <div class=\"alt-hero-label\">Fiche ville \u00b7 Belgique<\/div>\n    <h1>Alost<br><span style=\"font-size:0.6em;font-weight:400;opacity:0.85\">Ancienne capitale de la Flandre imp\u00e9riale, cit\u00e9 du carnaval et de l&rsquo;imprimerie<\/span><\/h1>\n    <p class=\"alt-hero-intro\">\u00c0 mi-chemin entre Bruxelles et Gand, sur les bords de la Dendre, Alost (<em>Aalst<\/em> en n\u00e9erlandais, <em>Oilsjt<\/em> en dialecte local) porte en elle des si\u00e8cles d&rsquo;histoire flamande : ancienne capitale de la Flandre imp\u00e9riale, berceau de la premi\u00e8re imprimerie des Pays-Bas, ville de l&rsquo;abb\u00e9 Daens, du romancier Louis Paul Boon et d&rsquo;un carnaval au caract\u00e8re bien tremp\u00e9.<\/p>\n  <\/div>\n\n  <div class=\"alt-badges\">\n    <div class=\"alt-badge\"><span class=\"ico\">\ud83c\udfd9\ufe0f<\/span> Chef-lieu d&rsquo;arrondissement \u00b7 Flandre-Orientale<\/div>\n    <div class=\"alt-badge\"><span class=\"ico\">\ud83d\uddfa\ufe0f<\/span> Province de Flandre-Orientale \u00b7 Flandre<\/div>\n    <div class=\"alt-badge\"><span class=\"ico\">\ud83d\udc65<\/span> ~85 000 hab. (commune)<\/div>\n    <div class=\"alt-badge\"><span class=\"ico\">\ud83c\udfc6<\/span> Beffroi UNESCO<\/div>\n    <div class=\"alt-badge\"><span class=\"ico\">\ud83c\udfad<\/span> Carnaval multis\u00e9culaire<\/div>\n    <div class=\"alt-badge\"><span class=\"ico\">\ud83d\udda8\ufe0f<\/span> 1<sup>re<\/sup> imprimerie des Pays-Bas (1473)<\/div>\n  <\/div>\n\n  <div class=\"alt-body\">\n\n    <div class=\"alt-stats\">\n      <div class=\"alt-stat-item\">\n        <span class=\"alt-stat-value\">866<\/span>\n        <span class=\"alt-stat-label\">1<sup>re<\/sup> mention \u00e9crite<\/span>\n      <\/div>\n      <div class=\"alt-stat-item\">\n        <span class=\"alt-stat-value\">85 000<\/span>\n        <span class=\"alt-stat-label\">Habitants (commune)<\/span>\n      <\/div>\n      <div class=\"alt-stat-item\">\n        <span class=\"alt-stat-value\">1473<\/span>\n        <span class=\"alt-stat-label\">1<sup>re<\/sup> imprimerie Pays-Bas<\/span>\n      <\/div>\n      <div class=\"alt-stat-item\">\n        <span class=\"alt-stat-value\">600+<\/span>\n        <span class=\"alt-stat-label\">Ans de carnaval<\/span>\n      <\/div>\n      <div class=\"alt-stat-item\">\n        <span class=\"alt-stat-value\">1839<\/span>\n        <span class=\"alt-stat-label\">Naissance de l&rsquo;abb\u00e9 Daens<\/span>\n      <\/div>\n      <div class=\"alt-stat-item\">\n        <span class=\"alt-stat-value\">2<sup>e<\/sup><\/span>\n        <span class=\"alt-stat-label\">Ville de Flandre-Orientale<\/span>\n      <\/div>\n    <\/div>\n\n    <div class=\"alt-section\">\n      <h2>Histoire et patrimoine<\/h2>\n      <h3>De la villa carolingienne \u00e0 la capitale de la Flandre imp\u00e9riale<\/h3>\n      <p>Alost appara\u00eet pour la premi\u00e8re fois dans les sources en <strong>866<\/strong> comme <em>villa Alost<\/em>, d\u00e9pendance de l&rsquo;abbaye de Lobbes. Strat\u00e9giquement positionn\u00e9e sur la Dendre, l\u00e0 o\u00f9 la route m\u00e9di\u00e9vale Bruges\u2013Cologne franchissait le fleuve, elle devient rapidement un centre commercial et portuaire actif. Au Moyen \u00c2ge, Alost est la capitale de la <strong>Flandre imp\u00e9riale<\/strong> \u2014 la partie du comt\u00e9 de Flandre qui relevait du Saint-Empire romain germanique, par opposition \u00e0 la Flandre royale sous suzerainet\u00e9 fran\u00e7aise. Ce statut lui conf\u00e8re une certaine autonomie et forge le caract\u00e8re frondeur et jalousement ind\u00e9pendant de ses habitants. La ville est prise et d\u00e9mantel\u00e9e par <strong>Turenne<\/strong> en 1667, puis passe sous domination bourguignonne, espagnole et autrichienne avant de rejoindre la Belgique en 1830.<\/p>\n      <p>Le centre historique d&rsquo;Alost conserve plusieurs t\u00e9moins de ce pass\u00e9 glorieux. Le <strong>Schepenhuis<\/strong> (maison des \u00e9chevins), datant de <strong>1225<\/strong>, est l&rsquo;un des plus anciens h\u00f4tels de ville en pierre de Flandre \u2014 le conseil communal y si\u00e8ge encore aujourd&rsquo;hui. La <strong>Borse van Amsterdam<\/strong>, ancienne bourse du XVI<sup>e<\/sup> si\u00e8cle de style Renaissance, lui fait face. L&rsquo;<strong>h\u00f4tel de ville<\/strong> n\u00e9oclassique date de 1830. L&rsquo;<strong>\u00e9glise coll\u00e9giale Saint-Martin<\/strong>, dont la construction s&rsquo;inspire de la cath\u00e9drale d&rsquo;Amiens, domine la Grand-Place de ses tours imposantes.<\/p>\n\n      <div class=\"alt-highlight\">\n        Le <strong>beffroi d&rsquo;Alost<\/strong>, accol\u00e9 \u00e0 la maison des \u00e9chevins, est class\u00e9 au <strong>patrimoine mondial de l&rsquo;UNESCO depuis 1999<\/strong> parmi les beffrois de Belgique et du nord de la France. Cette tour m\u00e9di\u00e9vale, dont les origines remontent au XIII<sup>e<\/sup> si\u00e8cle, fut pendant des si\u00e8cles le symbole de l&rsquo;ind\u00e9pendance communale et le point de rep\u00e8re de toute la r\u00e9gion de la Dendre.\n      <\/div>\n    <\/div>\n\n    <div class=\"alt-section\">\n      <h2>Trois figures embl\u00e9matiques<\/h2>\n      <h3>Dirk Martens : la premi\u00e8re imprimerie des Pays-Bas (1473)<\/h3>\n      <p>En <strong>1473<\/strong>, l&rsquo;Alostois <strong>Dirk Martens<\/strong> (vers 1446\u20131534) installe \u00e0 Alost le <strong>premier atelier typographique des Pays-Bas m\u00e9ridionaux<\/strong>. Form\u00e9 en Italie \u00e0 Tr\u00e9vise aupr\u00e8s de l&rsquo;humaniste Gerardus de Lisa, il introduit en Flandre la technique de l&rsquo;imprimerie \u00e0 caract\u00e8res mobiles. Ami d&rsquo;<strong>\u00c9rasme<\/strong>, il sera le premier \u00e0 imprimer plusieurs des \u0153uvres du grand humaniste, et travaillera \u00e9galement \u00e0 Anvers et Louvain. Sa statue en bronze orne la Grand-Place d&rsquo;Alost \u2014 les Alostois la surnomment affectueusement <em>De zwarte man<\/em> (l&rsquo;homme noir), \u00e0 cause des traces d&rsquo;encre d&rsquo;imprimerie.<\/p>\n\n      <h3>Adolf Daens : le pr\u00eatre des ouvriers<\/h3>\n      <p>N\u00e9 \u00e0 Alost en <strong>1839<\/strong>, l&rsquo;abb\u00e9 <strong>Adolf Daens<\/strong> est la figure morale la plus respect\u00e9e de la ville. Dans le contexte de la r\u00e9volution industrielle, alors que les ouvriers alostois travaillent dans des conditions \u00e9puisantes pour des salaires de mis\u00e8re, Daens prend leur d\u00e9fense au m\u00e9pris des convenances \u2014 et de sa propre hi\u00e9rarchie eccl\u00e9siastique. Il fonde en <strong>1893<\/strong> le premier parti d\u00e9mocrate-chr\u00e9tien progressiste de Belgique et est \u00e9lu au Parlement en 1894. Condamn\u00e9 par les catholiques conservateurs et ses sup\u00e9rieurs religieux, il reste une ic\u00f4ne du combat social flamand. Un livre, un film (1992, nomm\u00e9 aux Oscars), une com\u00e9die musicale et un podcast perp\u00e9tuent sa m\u00e9moire. Sa grande statue domine les bords de la Dendre, non loin de la gare.<\/p>\n\n      <h3>Louis Paul Boon : l&rsquo;\u00e9crivain de la classe ouvri\u00e8re<\/h3>\n      <p>Natif d&rsquo;Alost (1912\u20131979), <strong>Louis Paul Boon<\/strong> est l&rsquo;un des plus grands romanciers flamands du XX<sup>e<\/sup> si\u00e8cle. Son \u0153uvre majeure, <em>De Kapellekensbaan<\/em> (1953), et surtout <em>Pieter Daens<\/em> (1971) \u2014 roman sur le fr\u00e8re de l&rsquo;abb\u00e9 Daens et la mis\u00e8re ouvri\u00e8re alostoise du XIX<sup>e<\/sup> si\u00e8cle \u2014 lui valurent une reconnaissance internationale. \u00c0 la fois \u00e9crivain, peintre et journaliste, il incarne l&rsquo;\u00e2me rebelle et populaire d&rsquo;Alost. Sa statue se dresse au Vieux March\u00e9 aux Poissons (<em>Oude Vismarkt<\/em>), face au mus\u00e9e municipal.<\/p>\n    <\/div>\n\n    <div class=\"alt-section\">\n      <h2>Le carnaval d&rsquo;Alost : six si\u00e8cles de d\u00e9rision<\/h2>\n      <p>Le <strong>carnaval d&rsquo;Alost<\/strong> est l&rsquo;un des plus anciens et des plus singuliers d&rsquo;Europe \u2014 une tradition de plus de <strong>600 ans<\/strong> qui se d\u00e9roule chaque ann\u00e9e durant les <strong>trois jours pr\u00e9c\u00e9dant le car\u00eame<\/strong>. Sa marque de fabrique : une satire sans concession de l&rsquo;actualit\u00e9 politique et sociale, port\u00e9e par des chars \u00e9labor\u00e9s pendant toute une ann\u00e9e. Les temps forts incluent la proclamation symbolique du <strong>Prince du Carnaval<\/strong> comme bourgmestre de la ville (avec remise des cl\u00e9s), la procession de g\u00e9ants dont le l\u00e9gendaire <strong>cheval Bayard<\/strong>, la parade des <em>Voil Jeanetten<\/em> \u2014 des hommes travestis en femmes avec corsets et landaus \u2014 et le b\u00fbcher final de l&rsquo;effigie du carnaval. Le carnaval a \u00e9t\u00e9 inscrit par l&rsquo;UNESCO sur la liste du patrimoine culturel immat\u00e9riel de l&rsquo;humanit\u00e9 en <strong>2010<\/strong>, puis <strong>retir\u00e9 en d\u00e9cembre 2019<\/strong> \u2014 une premi\u00e8re dans l&rsquo;histoire de l&rsquo;UNESCO \u2014 \u00e0 la suite de repr\u00e9sentations jug\u00e9es antis\u00e9mites lors du d\u00e9fil\u00e9 2019.<\/p>\n    <\/div>\n\n    <div class=\"alt-section\">\n      <h2>Tourisme et attractions<\/h2>\n      <ul class=\"alt-list\">\n        <li><strong>Beffroi<\/strong> \u2014 UNESCO, XIII<sup>e<\/sup> s., symbole de l&rsquo;ind\u00e9pendance communale<\/li>\n        <li><strong>Schepenhuis<\/strong> \u2014 1225, l&rsquo;un des plus anciens h\u00f4tels de ville en pierre de Flandre<\/li>\n        <li><strong>Grand-Place (Grote Markt)<\/strong> \u2014 Borse van Amsterdam, h\u00f4tel de ville, statues<\/li>\n        <li><strong>Statue de Dirk Martens<\/strong> \u2014 <em>De zwarte man<\/em>, Grand-Place<\/li>\n        <li><strong>Statue de l&rsquo;abb\u00e9 Daens<\/strong> \u2014 bords de la Dendre, pr\u00e8s de la gare<\/li>\n        <li><strong>Statue de Louis Paul Boon<\/strong> \u2014 Vieux March\u00e9 aux Poissons<\/li>\n        <li><strong>Coll\u00e9giale Saint-Martin<\/strong> \u2014 gothique, tabernacle baroque du XVII<sup>e<\/sup> s.<\/li>\n        <li><strong>Mus\u00e9e &lsquo;t Gasthuys (Stedelijk Museum)<\/strong> \u2014 histoire locale, carnaval, Boon<\/li>\n        <li><strong>B\u00e9guinage d&rsquo;Alost<\/strong> \u2014 patrimoine architectural flamand<\/li>\n        <li><strong>Ch\u00e2teau Terlinden<\/strong> \u2014 domaine historique dans les environs<\/li>\n        <li><strong>Quartier Art d\u00e9co<\/strong> \u2014 fa\u00e7ades Jugendstil pr\u00e8s de la gare<\/li>\n        <li><strong>Parcours Daens<\/strong> \u2014 18 \u00e9tapes sur les traces de l&rsquo;abb\u00e9 dans la ville<\/li>\n      <\/ul>\n    <\/div>\n\n    <div class=\"alt-section\">\n      <h2>Identit\u00e9 alostoise : houblon, oignons et esprit frondeur<\/h2>\n      <div class=\"alt-duo\">\n        <div class=\"alt-duo-col\">\n          <h4>\ud83c\udf3f Le houblon d&rsquo;Alost<\/h4>\n          <p>La r\u00e9gion d&rsquo;Alost fut longtemps le premier bassin houblonnier de Belgique. Les vari\u00e9t\u00e9s locales \u2014 Belle Verte, Coigneau, Blanc Rang \u2014 alimentaient les brasseries de toute la Flandre. Si la culture du houblon a beaucoup d\u00e9clin\u00e9, quelques producteurs perp\u00e9tuent la tradition, et la bi\u00e8re locale <strong>Safir<\/strong> (brass\u00e9e depuis 1939) reste associ\u00e9e \u00e0 la ville.<\/p>\n        <\/div>\n        <div class=\"alt-duo-col\">\n          <h4>\ud83e\uddc5 <em>Ajuinstad<\/em> : la ville des oignons<\/h4>\n          <p>Alost est aussi surnomm\u00e9e <em>Ajuinstad<\/em> (la ville des oignons) \u2014 r\u00e9f\u00e9rence aux cultures mara\u00eech\u00e8res de la r\u00e9gion. Les oignons d&rsquo;Alost, r\u00e9put\u00e9s pour leur douceur, sont une fiert\u00e9 locale. Ce surnom, port\u00e9 avec humour lors du carnaval, fait partie de l&rsquo;identit\u00e9 d\u00e9complex\u00e9e et auto-d\u00e9risoire des Alostois, qui se d\u00e9crivent eux-m\u00eames comme <em>nen hoek af<\/em> \u2014 \u00ab un peu fous \u00bb.<\/p>\n        <\/div>\n      <\/div>\n      <p>La rivalit\u00e9 historique avec <strong>Dendermonde<\/strong> \u2014 autour des droits sur le l\u00e9gendaire <strong>cheval Bayard<\/strong> \u2014 est une autre facette de l&rsquo;identit\u00e9 alostoise, alimentant une complicit\u00e9 taquine entre les deux villes de la Dendre qui dure depuis des si\u00e8cles.<\/p>\n    <\/div>\n\n    <div class=\"alt-conclusion\">\n      <p>Ni trop grande ni trop petite, <strong>Alost<\/strong> est une ville flamande authentique qui n&rsquo;a pas besoin de se vendre : son caract\u00e8re parle pour elle. Entre le beffroi m\u00e9di\u00e9val de la Grand-Place, la statue noircie de son premier imprimeur, l&rsquo;h\u00e9ritage moral de l&rsquo;abb\u00e9 Daens et la folie lib\u00e9ratrice de son carnaval, Alost incarne une certaine id\u00e9e de la Flandre \u2014 celle qui se fiche des convenances et rit volontiers d&rsquo;elle-m\u00eame, sans jamais oublier ses racines.<\/p>\n    <\/div>\n\n    <div class=\"alt-footer\">Source : anabel.be\/web \u2014 Fiche ville Alost<\/div>\n\n  <\/div>\n<\/div>\n\n","protected":false},"excerpt":{"rendered":"<p>Fiche ville \u00b7 Belgique AlostAncienne capitale de la Flandre imp\u00e9riale, cit\u00e9 du carnaval et de l&rsquo;imprimerie \u00c0 mi-chemin entre Bruxelles et Gand, sur les bords de la Dendre, Alost (Aalst en n\u00e9erlandais, Oilsjt en dialecte local) porte en elle des si\u00e8cles d&rsquo;histoire flamande : ancienne capitale de la Flandre imp\u00e9riale, berceau de la premi\u00e8re imprimerie [&hellip;]<\/p>\n","protected":false},"author":2,"featured_media":0,"comment_status":"closed","ping_status":"closed","sticky":false,"template":"","format":"standard","meta":{"_jetpack_memberships_contains_paid_content":false,"footnotes":""},"categories":[70],"tags":[41,69,57,71],"class_list":["post-751","post","type-post","status-publish","format-standard","hentry","category-decouvertes","tag-communes","tag-decouverte","tag-histoire","tag-tourisme"],"jetpack_featured_media_url":"","jetpack_sharing_enabled":true,"_links":{"self":[{"href":"https:\/\/www.anabel.be\/web\/wp-json\/wp\/v2\/posts\/751","targetHints":{"allow":["GET"]}}],"collection":[{"href":"https:\/\/www.anabel.be\/web\/wp-json\/wp\/v2\/posts"}],"about":[{"href":"https:\/\/www.anabel.be\/web\/wp-json\/wp\/v2\/types\/post"}],"author":[{"embeddable":true,"href":"https:\/\/www.anabel.be\/web\/wp-json\/wp\/v2\/users\/2"}],"replies":[{"embeddable":true,"href":"https:\/\/www.anabel.be\/web\/wp-json\/wp\/v2\/comments?post=751"}],"version-history":[{"count":1,"href":"https:\/\/www.anabel.be\/web\/wp-json\/wp\/v2\/posts\/751\/revisions"}],"predecessor-version":[{"id":752,"href":"https:\/\/www.anabel.be\/web\/wp-json\/wp\/v2\/posts\/751\/revisions\/752"}],"wp:attachment":[{"href":"https:\/\/www.anabel.be\/web\/wp-json\/wp\/v2\/media?parent=751"}],"wp:term":[{"taxonomy":"category","embeddable":true,"href":"https:\/\/www.anabel.be\/web\/wp-json\/wp\/v2\/categories?post=751"},{"taxonomy":"post_tag","embeddable":true,"href":"https:\/\/www.anabel.be\/web\/wp-json\/wp\/v2\/tags?post=751"}],"curies":[{"name":"wp","href":"https:\/\/api.w.org\/{rel}","templated":true}]}}