{"id":748,"date":"2026-04-22T21:02:43","date_gmt":"2026-04-22T19:02:43","guid":{"rendered":"https:\/\/www.anabel.be\/web\/?p=748"},"modified":"2026-04-22T21:02:43","modified_gmt":"2026-04-22T19:02:43","slug":"malines-ancienne-capitale-des-pays-bas-bourguignons-carillons-et-patrimoine-brabant-flamand","status":"publish","type":"post","link":"https:\/\/www.anabel.be\/web\/malines-ancienne-capitale-des-pays-bas-bourguignons-carillons-et-patrimoine-brabant-flamand\/","title":{"rendered":"Malines : ancienne capitale des Pays-Bas bourguignons, carillons et patrimoine | Brabant flamand"},"content":{"rendered":"\n<div class=\"wp-block-cover is-light\"><span aria-hidden=\"true\" class=\"wp-block-cover__background has-cyan-bluish-gray-background-color has-background-dim-100 has-background-dim\"><\/span><div class=\"wp-block-cover__inner-container is-layout-constrained wp-block-cover-is-layout-constrained\">\n<p class=\"has-text-align-center has-large-font-size\">Votre publicit\u00e9 ici: <a href=\"https:\/\/www.anabel.be\/web\/nous-contacter\/\" data-type=\"link\" data-id=\"https:\/\/www.anabel.be\/web\/nous-contacter\/\">nous contacter<\/a><\/p>\n<\/div><\/div>\n\n\n\n<!-- Fiche ville : Malines \u2014 anabel.be\/web -->\n<!-- Meta title sugg\u00e9r\u00e9 : Malines : ancienne capitale des Pays-Bas bourguignons, carillons et patrimoine | Brabant flamand -->\n<!-- Meta description sugg\u00e9r\u00e9e : D\u00e9couvrez Malines (Mechelen), joyau m\u00e9connu de Flandre : cath\u00e9drale Saint-Rombaut UNESCO, Grand B\u00e9guinage UNESCO, capitale mondiale du carillon, \u00e9poque bourguignonne, Gouden Carolus et Kazerne Dossin. Guide complet. -->\n\n<style>\n  @import url('https:\/\/fonts.googleapis.com\/css2?family=Playfair+Display:ital,wght@0,400;0,600;0,700;1,400&family=Source+Sans+3:wght@300;400;600&display=swap');\n\n  .mcl-page {\n    font-family: 'Source Sans 3', sans-serif;\n    font-weight: 400;\n    color: #2c2c2c;\n    background: #faf8f4;\n    max-width: 860px;\n    margin: 0 auto;\n    padding: 0 0 48px 0;\n    line-height: 1.75;\n  }\n  .mcl-hero {\n    background: linear-gradient(135deg, #1a3a5c 0%, #2a5a8a 60%, #1e4a70 100%);\n    border-radius: 4px 4px 0 0;\n    padding: 40px 40px 32px 40px;\n    position: relative;\n    overflow: hidden;\n  }\n  .mcl-hero::before {\n    content: '';\n    position: absolute;\n    top: -30px; right: -30px;\n    width: 180px; height: 180px;\n    background: rgba(212,175,55,0.12);\n    border-radius: 50%;\n  }\n  .mcl-hero-label {\n    font-family: 'Source Sans 3', sans-serif;\n    font-size: 11px;\n    font-weight: 600;\n    letter-spacing: 2.5px;\n    text-transform: uppercase;\n    color: #d4af37;\n    margin-bottom: 8px;\n  }\n  .mcl-hero h1 {\n    font-family: 'Playfair Display', serif;\n    font-size: clamp(22px, 4vw, 32px);\n    font-weight: 700;\n    color: #ffffff;\n    margin: 0 0 12px 0;\n    line-height: 1.25;\n  }\n  .mcl-hero-intro {\n    font-size: 14.5px;\n    color: rgba(255,255,255,0.82);\n    max-width: 620px;\n    margin: 0;\n    font-weight: 300;\n    line-height: 1.65;\n  }\n  .mcl-badges {\n    display: flex;\n    flex-wrap: wrap;\n    gap: 10px;\n    background: #1a3a5c;\n    padding: 14px 40px;\n    border-bottom: 3px solid #d4af37;\n  }\n  .mcl-badge {\n    display: flex;\n    align-items: center;\n    gap: 6px;\n    background: rgba(255,255,255,0.10);\n    border: 1px solid rgba(212,175,55,0.35);\n    border-radius: 20px;\n    padding: 4px 12px;\n    font-size: 12.5px;\n    color: #e8e0cc;\n    font-family: 'Source Sans 3', sans-serif;\n  }\n  .mcl-badge span.ico { font-size: 14px; }\n  .mcl-body { padding: 36px 40px 0 40px; }\n  .mcl-stats {\n    display: grid;\n    grid-template-columns: repeat(auto-fit, minmax(130px, 1fr));\n    gap: 12px;\n    background: #eef4fb;\n    border: 1px solid #c2d8ee;\n    border-left: 4px solid #d4af37;\n    border-radius: 4px;\n    padding: 20px 22px;\n    margin-bottom: 32px;\n  }\n  .mcl-stat-item { text-align: center; }\n  .mcl-stat-value {\n    font-family: 'Playfair Display', serif;\n    font-size: 22px;\n    font-weight: 700;\n    color: #1a3a5c;\n    display: block;\n  }\n  .mcl-stat-label {\n    font-size: 11.5px;\n    color: #556;\n    text-transform: uppercase;\n    letter-spacing: 0.8px;\n    font-weight: 600;\n  }\n  .mcl-section { margin-bottom: 36px; }\n  .mcl-section h2 {\n    font-family: 'Playfair Display', serif;\n    font-size: 20px;\n    font-weight: 700;\n    color: #1a3a5c;\n    border-bottom: 2px solid #d4af37;\n    padding-bottom: 6px;\n    margin: 0 0 18px 0;\n  }\n  .mcl-section h3 {\n    font-family: 'Playfair Display', serif;\n    font-size: 16px;\n    font-weight: 600;\n    font-style: italic;\n    color: #2a5a8a;\n    margin: 0 0 10px 0;\n  }\n  .mcl-section p {\n    font-size: 15px;\n    margin: 0 0 14px 0;\n    color: #333;\n  }\n  .mcl-section p strong { color: #1a3a5c; font-weight: 600; }\n  .mcl-section p em { color: #2a5a8a; font-style: italic; }\n  .mcl-list {\n    list-style: none;\n    padding: 0;\n    margin: 0 0 14px 0;\n    display: grid;\n    grid-template-columns: repeat(auto-fit, minmax(240px, 1fr));\n    gap: 6px 16px;\n  }\n  .mcl-list li {\n    font-size: 14.5px;\n    color: #333;\n    padding: 5px 0 5px 20px;\n    position: relative;\n    border-bottom: 1px dotted #d4c88a;\n  }\n  .mcl-list li::before {\n    content: '\u25b8';\n    color: #d4af37;\n    position: absolute;\n    left: 0;\n    font-size: 12px;\n    top: 7px;\n  }\n  .mcl-list li strong { color: #1a3a5c; font-weight: 600; }\n  .mcl-highlight {\n    background: #fff9ec;\n    border: 1px solid #e8d87a;\n    border-left: 4px solid #d4af37;\n    border-radius: 4px;\n    padding: 16px 20px;\n    margin-bottom: 20px;\n    font-size: 14.5px;\n    color: #443a00;\n    font-style: italic;\n    line-height: 1.65;\n  }\n  .mcl-duo {\n    display: grid;\n    grid-template-columns: 1fr 1fr;\n    gap: 16px;\n    margin-bottom: 16px;\n  }\n  .mcl-duo-col {\n    background: #eef4fb;\n    border: 1px solid #c2d8ee;\n    border-radius: 4px;\n    padding: 14px 16px;\n  }\n  .mcl-duo-col h4 {\n    font-family: 'Playfair Display', serif;\n    font-size: 13.5px;\n    font-weight: 600;\n    color: #1a3a5c;\n    margin: 0 0 8px 0;\n    text-transform: uppercase;\n    letter-spacing: 0.6px;\n  }\n  .mcl-duo-col p {\n    font-size: 13.5px;\n    color: #444;\n    margin: 0;\n    line-height: 1.6;\n  }\n  .mcl-conclusion {\n    background: linear-gradient(135deg, #1a3a5c, #2a5a8a);\n    border-radius: 4px;\n    padding: 24px 28px;\n    margin-top: 8px;\n  }\n  .mcl-conclusion p {\n    color: rgba(255,255,255,0.88);\n    font-size: 14.5px;\n    margin: 0;\n    line-height: 1.7;\n    font-style: italic;\n  }\n  .mcl-conclusion p strong { color: #d4af37; }\n  .mcl-footer {\n    margin-top: 18px;\n    padding-top: 12px;\n    border-top: 1px solid #d4c88a;\n    font-size: 11.5px;\n    color: #999;\n    text-align: right;\n    font-style: italic;\n  }\n  @media (max-width: 600px) {\n    .mcl-hero, .mcl-body { padding-left: 20px; padding-right: 20px; }\n    .mcl-badges { padding: 12px 20px; }\n    .mcl-duo { grid-template-columns: 1fr; }\n    .mcl-list { grid-template-columns: 1fr; }\n  }\n<\/style>\n\n<div class=\"mcl-page\">\n\n  <div class=\"mcl-hero\">\n    <div class=\"mcl-hero-label\">Fiche ville \u00b7 Belgique<\/div>\n    <h1>Malines<br><span style=\"font-size:0.6em;font-weight:400;opacity:0.85\">Ancienne capitale des Pays-Bas, si\u00e8ge primatial de Belgique et capitale mondiale du carillon<\/span><\/h1>\n    <p class=\"mcl-hero-intro\">\u00c0 mi-chemin entre Bruxelles et Anvers, Malines (<em>Mechelen<\/em> en n\u00e9erlandais) est l&rsquo;un des joyaux les plus m\u00e9connus de Belgique. Ancienne capitale politique et judiciaire des Pays-Bas bourguignons, si\u00e8ge de l&rsquo;archev\u00each\u00e9 primatial de Belgique, capitale mondiale du carillon et ville d&rsquo;une richesse architecturale exceptionnelle, elle rec\u00e8le trois si\u00e8cles d&rsquo;histoire \u00e0 chaque coin de rue.<\/p>\n  <\/div>\n\n  <div class=\"mcl-badges\">\n    <div class=\"mcl-badge\"><span class=\"ico\">\ud83c\udfdb\ufe0f<\/span> Chef-lieu d&rsquo;arrondissement \u00b7 Anvers<\/div>\n    <div class=\"mcl-badge\"><span class=\"ico\">\ud83d\uddfa\ufe0f<\/span> Province d&rsquo;Anvers \u00b7 Flandre<\/div>\n    <div class=\"mcl-badge\"><span class=\"ico\">\ud83d\udc65<\/span> ~88 000 hab. (2023)<\/div>\n    <div class=\"mcl-badge\"><span class=\"ico\">\ud83c\udfc6<\/span> 2 inscriptions UNESCO<\/div>\n    <div class=\"mcl-badge\"><span class=\"ico\">\ud83d\udd14<\/span> Capitale mondiale du carillon<\/div>\n    <div class=\"mcl-badge\"><span class=\"ico\">\u26ea<\/span> Si\u00e8ge primatial de Belgique<\/div>\n  <\/div>\n\n  <div class=\"mcl-body\">\n\n    <div class=\"mcl-stats\">\n      <div class=\"mcl-stat-item\">\n        <span class=\"mcl-stat-value\">870<\/span>\n        <span class=\"mcl-stat-label\">1<sup>re<\/sup> mention \u00e9crite<\/span>\n      <\/div>\n      <div class=\"mcl-stat-item\">\n        <span class=\"mcl-stat-value\">88 000<\/span>\n        <span class=\"mcl-stat-label\">Habitants (2023)<\/span>\n      <\/div>\n      <div class=\"mcl-stat-item\">\n        <span class=\"mcl-stat-value\">97 m<\/span>\n        <span class=\"mcl-stat-label\">Tour Saint-Rombaut<\/span>\n      <\/div>\n      <div class=\"mcl-stat-item\">\n        <span class=\"mcl-stat-value\">167 m<\/span>\n        <span class=\"mcl-stat-label\">Hauteur pr\u00e9vue (jamais atteinte)<\/span>\n      <\/div>\n      <div class=\"mcl-stat-item\">\n        <span class=\"mcl-stat-value\">1922<\/span>\n        <span class=\"mcl-stat-label\">1<sup>re<\/sup> \u00e9cole de carillon au monde<\/span>\n      <\/div>\n      <div class=\"mcl-stat-item\">\n        <span class=\"mcl-stat-value\">300+<\/span>\n        <span class=\"mcl-stat-label\">Monuments prot\u00e9g\u00e9s<\/span>\n      <\/div>\n    <\/div>\n\n    <div class=\"mcl-section\">\n      <h2>Histoire et patrimoine<\/h2>\n      <h3>Des princes-\u00e9v\u00eaques de Li\u00e8ge aux ducs de Bourgogne<\/h3>\n      <p>Mentionn\u00e9e pour la premi\u00e8re fois dans un document de <strong>870<\/strong>, Malines se d\u00e9veloppe sur les rives de la Dyle gr\u00e2ce \u00e0 sa position strat\u00e9gique entre Bruxelles et Anvers. La ville est christianis\u00e9e au VIII<sup>e<\/sup> si\u00e8cle par <strong>saint Rombaut<\/strong>, moine irlandais martyris\u00e9 sur place, dont le culte donnera naissance \u00e0 la cath\u00e9drale. Longtemps disput\u00e9e entre les princes-\u00e9v\u00eaques de Li\u00e8ge et les ducs de Brabant, elle passe d\u00e9finitivement aux <strong>ducs de Bourgogne<\/strong> en 1384, qui en font une r\u00e9sidence de cour et le centre n\u00e9vralgique de leurs \u00c9tats.<\/p>\n      <p>C&rsquo;est sous les ducs de Bourgogne, et surtout sous <strong>Charles le T\u00e9m\u00e9raire<\/strong>, que Malines devient la <strong>capitale administrative et judiciaire des Pays-Bas bourguignons<\/strong>. Le <strong>Grand Conseil de Malines<\/strong> (1473) \u2014 l&rsquo;instance judiciaire supr\u00eame des Pays-Bas \u2014 y si\u00e8ge. Apr\u00e8s la mort de Charles le T\u00e9m\u00e9raire, sa veuve <strong>Marguerite de York<\/strong> \u00e9l\u00e8ve \u00e0 Malines ses petits-enfants <strong>Philippe le Beau<\/strong> et <strong>Marguerite d&rsquo;Autriche<\/strong>. Cette derni\u00e8re, devenue gouvernante des Pays-Bas habsbourgeois de <strong>1507 \u00e0 1530<\/strong>, fait de Malines un foyer \u00e9blouissant de l&rsquo;humanisme : elle y accueille \u00c9rasme, Thomas More, le compositeur Josquin Des Pr\u00e9s. Son palais \u2014 premier b\u00e2timent en style <strong>Renaissance<\/strong> des Pays-Bas \u2014 est aujourd&rsquo;hui la Cour de justice. En <strong>1559<\/strong>, Philippe II cr\u00e9e l&rsquo;<strong>archidioc\u00e8se de Malines<\/strong>, dont le titulaire devient le primat de Belgique \u2014 titre toujours port\u00e9 aujourd&rsquo;hui, le si\u00e8ge \u00e9tant partag\u00e9 avec Bruxelles depuis 1962.<\/p>\n\n      <div class=\"mcl-highlight\">\n        Les Malinois sont surnomm\u00e9s les <strong><em>Maneblussers<\/em><\/strong> (\u00ab \u00e9teigneurs de lune \u00bb) : la l\u00e9gende veut qu&rsquo;un soir, leurs anc\u00eatres aient cru voir un incendie dans la tour Saint-Rombaut et accouru avec des seaux d&rsquo;eau \u2014 avant de r\u00e9aliser que la lueur orang\u00e9e n&rsquo;\u00e9tait que le reflet du clair de lune \u00e0 travers les nuages. Ce surnom, port\u00e9 avec humour et fiert\u00e9, est l&rsquo;un des traits d&rsquo;identit\u00e9 les plus savoureux de la ville.\n      <\/div>\n    <\/div>\n\n    <div class=\"mcl-section\">\n      <h2>Patrimoine UNESCO et architecture<\/h2>\n      <h3>La cath\u00e9drale Saint-Rombaut et son beffroi<\/h3>\n      <p>\u00c9difi\u00e9e entre le XIII<sup>e<\/sup> et le XVI<sup>e<\/sup> si\u00e8cle, la <strong>cath\u00e9drale Saint-Rombaut<\/strong> est l&rsquo;un des chefs-d&rsquo;\u0153uvre du gothique braban\u00e7on \u2014 \u00e0 \u00e9galit\u00e9, selon les sp\u00e9cialistes, avec Notre-Dame d&rsquo;Anvers. Sa tour, haute de <strong>97 m\u00e8tres<\/strong>, \u00e9tait con\u00e7ue pour culminer \u00e0 <strong>167 m\u00e8tres<\/strong> \u2014 ce qui en aurait fait la plus haute tour d&rsquo;\u00e9glise jamais construite. La construction s&rsquo;arr\u00eata en 1520 faute de fonds, laissant la tour avec sa forme caract\u00e9ristique et inachev\u00e9e. Elle abrite deux carillons de 49 cloches chacun. Class\u00e9e au <strong>patrimoine mondial de l&rsquo;UNESCO depuis 1999<\/strong> parmi les beffrois de Belgique et du nord de la France, elle se gravit au prix de 514 marches pour une vue panoramique jusqu&rsquo;\u00e0 Anvers et Bruxelles. L&rsquo;int\u00e9rieur de la cath\u00e9drale renferme des \u0153uvres de <strong>Van Dyck<\/strong>, <strong>Michel Coxcie<\/strong> et des membres de la famille <strong>Quellin<\/strong>.<\/p>\n      <p>L&rsquo;<strong>\u00e9glise Notre-Dame-au-del\u00e0-de-la-Dyle<\/strong> abrite la c\u00e9l\u00e8bre <em>P\u00eache miraculeuse<\/em> de <strong>Rubens<\/strong>, et l&rsquo;<strong>\u00e9glise Saint-Jean<\/strong> une <em>Adoration des Mages<\/em> du m\u00eame ma\u00eetre ainsi qu&rsquo;une chaire baroque extraordinaire de Theodoor Verhaegen. Malines ne compte pas moins de <strong>300 monuments prot\u00e9g\u00e9s<\/strong>, dont trois anciens h\u00f4tels de ville (maisons des \u00e9chevins), de nombreux palais du XV<sup>e<\/sup>-XVI<sup>e<\/sup> si\u00e8cle, le <strong>Haverwerf<\/strong> (quai aux Avoines avec ses trois pittoresques maisons anciennes), et la <strong>Porte de Bruxelles<\/strong> \u2014 unique vestige des remparts m\u00e9di\u00e9vaux.<\/p>\n      <p>Le <strong>Grand B\u00e9guinage<\/strong> (<em>Groot Begijnhof<\/em>), construit au XVI<sup>e<\/sup> si\u00e8cle, est class\u00e9 au <strong>patrimoine mondial de l&rsquo;UNESCO depuis 1998<\/strong> parmi les b\u00e9guinages flamands. Ses ruelles pav\u00e9es, jardins secrets et maisons de briques rouges forment un quartier hors du temps au c\u0153ur de la ville. La <strong>brasserie Het Anker<\/strong>, fond\u00e9e en 1471 \u00e0 l&rsquo;origine par des b\u00e9guines, le jouxte depuis des si\u00e8cles.<\/p>\n    <\/div>\n\n    <div class=\"mcl-section\">\n      <h2>Malines, capitale mondiale du carillon<\/h2>\n      <p>D\u00e8s la fin du XV<sup>e<\/sup> si\u00e8cle, Malines s&rsquo;impose comme le centre mondial de la <strong>fonderie de cloches<\/strong> : les ateliers malinois \u00e9quipent les cath\u00e9drales de toute l&rsquo;Europe, jusqu&rsquo;\u00e0 Moscou et Saint-P\u00e9tersbourg. La tradition du carillon y atteint une perfection sans \u00e9gale. En <strong>1922<\/strong>, le carillonneur <strong>Jef Denyn<\/strong> fonde \u00e0 Malines la <strong>premi\u00e8re \u00e9cole de carillon au monde<\/strong>, qui forme depuis lors des musiciens venus des quatre coins de la plan\u00e8te. L&rsquo;UNESCO reconna\u00eet en <strong>2014<\/strong> la culture du carillon en Belgique comme meilleure pratique de sauvegarde du patrimoine culturel immat\u00e9riel. Aujourd&rsquo;hui, Malines poss\u00e8de <strong>six carillons<\/strong> \u2014 dont les deux de la tour Saint-Rombaut \u2014 et leurs m\u00e9lodies inondent les rues jusqu&rsquo;\u00e0 huit fois par heure.<\/p>\n    <\/div>\n\n    <div class=\"mcl-section\">\n      <h2>La Kazerne Dossin : devoir de m\u00e9moire<\/h2>\n      <p>Entre <strong>juillet 1942 et septembre 1944<\/strong>, la caserne Dossin, ancienne caserne militaire du XVIII<sup>e<\/sup> si\u00e8cle, servit de <strong>camp de rassemblement et de transit<\/strong> pour les Juifs et les Roms de Belgique. Choisie pour sa position \u00e0 mi-chemin entre les deux principales concentrations juives du pays (Bruxelles et Anvers) et pour sa desserte ferroviaire, elle vit transiter <strong>25 490 Juifs et 353 Roms<\/strong> \u00e0 bord de 28 convois, d\u00e9port\u00e9s vers Auschwitz-Birkenau. Moins de 5 % des d\u00e9port\u00e9s surv\u00e9curent. Le <strong>Mus\u00e9e Kazerne Dossin<\/strong>, inaugur\u00e9 en 2012 dans un b\u00e2timent adjacent \u00e0 l&rsquo;ancienne caserne, est aujourd&rsquo;hui un m\u00e9morial, mus\u00e9e et centre de documentation sur l&rsquo;Holocauste et les droits de l&rsquo;Homme de r\u00e9f\u00e9rence en Belgique. Sa visite est une \u00e9tape indispensable pour qui veut comprendre la Shoah en Belgique.<\/p>\n    <\/div>\n\n    <div class=\"mcl-section\">\n      <h2>Tourisme et attractions incontournables<\/h2>\n      <ul class=\"mcl-list\">\n        <li><strong>Cath\u00e9drale Saint-Rombaut<\/strong> \u2014 UNESCO, tour 97 m, 514 marches, carillons<\/li>\n        <li><strong>Grand B\u00e9guinage<\/strong> \u2014 UNESCO, XVI<sup>e<\/sup> s., ruelles et jardins<\/li>\n        <li><strong>Palais de Marguerite d&rsquo;Autriche<\/strong> (Hof van Savoye) \u2014 Renaissance, jardin<\/li>\n        <li><strong>Mus\u00e9e Hof van Busleyden<\/strong> \u2014 \u00e9poque bourguignonne, humanisme<\/li>\n        <li><strong>Haverwerf<\/strong> \u2014 quai pittoresque, maisons Saint-Joseph, Diable et Paradis<\/li>\n        <li><strong>Brasserie Het Anker<\/strong> \u2014 fond\u00e9e 1471, Gouden Carolus, visite et d\u00e9gustation<\/li>\n        <li><strong>Kazerne Dossin<\/strong> \u2014 m\u00e9morial Holocauste, mus\u00e9e, droits de l&rsquo;Homme<\/li>\n        <li><strong>\u00c9glise Notre-Dame-au-del\u00e0-de-la-Dyle<\/strong> \u2014 P\u00eache miraculeuse de Rubens<\/li>\n        <li><strong>\u00c9glise Saint-Jean<\/strong> \u2014 Adoration des Mages de Rubens, chaire baroque<\/li>\n        <li><strong>Schepenhuis<\/strong> \u2014 plus ancien h\u00f4tel de ville en pierre de Flandre (XIII<sup>e<\/sup> s.)<\/li>\n        <li><strong>Porte de Bruxelles<\/strong> (Brusselpoort) \u2014 seul vestige des remparts m\u00e9di\u00e9vaux<\/li>\n        <li><strong>Grand-Place (Grote Markt)<\/strong> \u2014 ensemble architectural baroque et Renaissance<\/li>\n        <li><strong>Croisi\u00e8res sur la Dyle<\/strong> \u2014 d\u00e9couverte des quais et fa\u00e7ades historiques<\/li>\n        <li><strong>\u00c9cole royale de carillon<\/strong> \u2014 concerts et d\u00e9monstrations<\/li>\n      <\/ul>\n    <\/div>\n\n    <div class=\"mcl-section\">\n      <h2>Bi\u00e8res, gastronomie et art de vivre malinois<\/h2>\n      <div class=\"mcl-duo\">\n        <div class=\"mcl-duo-col\">\n          <h4>\ud83c\udf7a La Gouden Carolus<\/h4>\n          <p>La brasserie <strong>Het Anker<\/strong>, active depuis 1471, produit les bi\u00e8res les plus embl\u00e9matiques de Malines : la <strong>Gouden Carolus Classic<\/strong> et la <strong>Mechelschen Bruynen<\/strong> (Brune de Malines). Cette derni\u00e8re \u00e9tait la bi\u00e8re pr\u00e9f\u00e9r\u00e9e de <strong>Charles Quint<\/strong> \u2014 qui l&rsquo;avait fait exp\u00e9dier jusqu&rsquo;en Espagne. Chaque ann\u00e9e, la brasserie brasse une <strong>Cuv\u00e9e de l&rsquo;Empereur<\/strong> pour l&rsquo;anniversaire de l&rsquo;illustre Malinois.<\/p>\n        <\/div>\n        <div class=\"mcl-duo-col\">\n          <h4>\ud83c\udf6b Douceurs &amp; sp\u00e9cialit\u00e9s<\/h4>\n          <p>Les <strong>Mechelse Maantjes<\/strong> (\u00ab lunes de Malines \u00bb) sont des chocolats en forme de croissant de lune, clin d&rsquo;\u0153il au surnom des Malinois. La <strong>Mechelse toren<\/strong> (\u00ab tour de Malines \u00bb) est un biscuit sabl\u00e9 typique, et les <strong>Marguerites<\/strong> de Malines des biscuits au citron \u2014 en hommage \u00e0 Marguerite d&rsquo;Autriche. La dentelle de Malines, pris\u00e9e des cours royales europ\u00e9ennes, compl\u00e8te les savoir-faire artisanaux locaux.<\/p>\n        <\/div>\n      <\/div>\n    <\/div>\n\n    <div class=\"mcl-conclusion\">\n      <p>Coinc\u00e9e entre ses c\u00e9l\u00e8bres voisines Bruxelles et Anvers, Malines attend patiemment que les voyageurs la d\u00e9couvrent \u2014 et ceux qui prennent le temps de s&rsquo;y arr\u00eater en repartent invariablement conquis. Son patrimoine bourguignon et renaissance, ses carillons omnipr\u00e9sents, son b\u00e9guinage de conte de f\u00e9es et la solennit\u00e9 de la <strong>Kazerne Dossin<\/strong> font de la <em>Maneblusser<\/em> l&rsquo;une des villes belges les plus denses en histoire et en \u00e9motion \u2014 pour qui sait lever les yeux et tendre l&rsquo;oreille.<\/p>\n    <\/div>\n\n    <div class=\"mcl-footer\">Source : anabel.be\/web \u2014 Fiche ville Malines<\/div>\n\n  <\/div>\n<\/div>\n\n","protected":false},"excerpt":{"rendered":"<p>Fiche ville \u00b7 Belgique MalinesAncienne capitale des Pays-Bas, si\u00e8ge primatial de Belgique et capitale mondiale du carillon \u00c0 mi-chemin entre Bruxelles et Anvers, Malines (Mechelen en n\u00e9erlandais) est l&rsquo;un des joyaux les plus m\u00e9connus de Belgique. Ancienne capitale politique et judiciaire des Pays-Bas bourguignons, si\u00e8ge de l&rsquo;archev\u00each\u00e9 primatial de Belgique, capitale mondiale du carillon et [&hellip;]<\/p>\n","protected":false},"author":2,"featured_media":0,"comment_status":"closed","ping_status":"closed","sticky":false,"template":"","format":"standard","meta":{"_jetpack_memberships_contains_paid_content":false,"footnotes":""},"categories":[70],"tags":[41,69,57,71],"class_list":["post-748","post","type-post","status-publish","format-standard","hentry","category-decouvertes","tag-communes","tag-decouverte","tag-histoire","tag-tourisme"],"jetpack_featured_media_url":"","jetpack_sharing_enabled":true,"_links":{"self":[{"href":"https:\/\/www.anabel.be\/web\/wp-json\/wp\/v2\/posts\/748","targetHints":{"allow":["GET"]}}],"collection":[{"href":"https:\/\/www.anabel.be\/web\/wp-json\/wp\/v2\/posts"}],"about":[{"href":"https:\/\/www.anabel.be\/web\/wp-json\/wp\/v2\/types\/post"}],"author":[{"embeddable":true,"href":"https:\/\/www.anabel.be\/web\/wp-json\/wp\/v2\/users\/2"}],"replies":[{"embeddable":true,"href":"https:\/\/www.anabel.be\/web\/wp-json\/wp\/v2\/comments?post=748"}],"version-history":[{"count":1,"href":"https:\/\/www.anabel.be\/web\/wp-json\/wp\/v2\/posts\/748\/revisions"}],"predecessor-version":[{"id":749,"href":"https:\/\/www.anabel.be\/web\/wp-json\/wp\/v2\/posts\/748\/revisions\/749"}],"wp:attachment":[{"href":"https:\/\/www.anabel.be\/web\/wp-json\/wp\/v2\/media?parent=748"}],"wp:term":[{"taxonomy":"category","embeddable":true,"href":"https:\/\/www.anabel.be\/web\/wp-json\/wp\/v2\/categories?post=748"},{"taxonomy":"post_tag","embeddable":true,"href":"https:\/\/www.anabel.be\/web\/wp-json\/wp\/v2\/tags?post=748"}],"curies":[{"name":"wp","href":"https:\/\/api.w.org\/{rel}","templated":true}]}}