{"id":744,"date":"2026-04-22T21:02:04","date_gmt":"2026-04-22T19:02:04","guid":{"rendered":"https:\/\/www.anabel.be\/web\/?p=744"},"modified":"2026-04-22T21:02:05","modified_gmt":"2026-04-22T19:02:05","slug":"mons-capitale-culturelle-de-wallonie-doudou-et-patrimoine-unesco-hainaut","status":"publish","type":"post","link":"https:\/\/www.anabel.be\/web\/mons-capitale-culturelle-de-wallonie-doudou-et-patrimoine-unesco-hainaut\/","title":{"rendered":"Mons. Capitale culturelle de Wallonie, Doudou et patrimoine UNESCO | Hainaut"},"content":{"rendered":"\n<div class=\"wp-block-cover is-light wp-duotone-abb8c3-ffffff-2\" style=\"min-height:556px;aspect-ratio:unset;\"><span aria-hidden=\"true\" class=\"wp-block-cover__background has-background-dim\" style=\"background-color:#FFF\"><\/span><div class=\"wp-block-cover__inner-container is-layout-constrained wp-block-cover-is-layout-constrained\">\n<div class=\"wp-block-cover wp-duotone-abb8c3-ffffff-1\"><img loading=\"lazy\" decoding=\"async\" width=\"1880\" height=\"1248\" class=\"wp-block-cover__image-background wp-image-745 size-full\" alt=\"a square in mons\" src=\"https:\/\/www.anabel.be\/web\/wp-content\/uploads\/2026\/04\/pexels-photo-15428205.jpeg\" data-object-fit=\"cover\" srcset=\"https:\/\/www.anabel.be\/web\/wp-content\/uploads\/2026\/04\/pexels-photo-15428205.jpeg 1880w, https:\/\/www.anabel.be\/web\/wp-content\/uploads\/2026\/04\/pexels-photo-15428205-300x199.jpeg 300w, https:\/\/www.anabel.be\/web\/wp-content\/uploads\/2026\/04\/pexels-photo-15428205-1024x680.jpeg 1024w, https:\/\/www.anabel.be\/web\/wp-content\/uploads\/2026\/04\/pexels-photo-15428205-768x510.jpeg 768w, https:\/\/www.anabel.be\/web\/wp-content\/uploads\/2026\/04\/pexels-photo-15428205-1536x1020.jpeg 1536w, https:\/\/www.anabel.be\/web\/wp-content\/uploads\/2026\/04\/pexels-photo-15428205-400x266.jpeg 400w, https:\/\/www.anabel.be\/web\/wp-content\/uploads\/2026\/04\/pexels-photo-15428205-800x531.jpeg 800w\" sizes=\"auto, (max-width: 1880px) 100vw, 1880px\" \/><span aria-hidden=\"true\" class=\"wp-block-cover__background has-background-dim\" style=\"background-color:#656582\"><\/span><div class=\"wp-block-cover__inner-container is-layout-constrained wp-block-cover-is-layout-constrained\">\n<p class=\"has-text-align-center has-large-font-size\">Votre publicit\u00e9 ici. Nous contacter.<\/p>\n<\/div><\/div>\n\n\n\n<!-- Fiche ville : Mons \u2014 anabel.be\/web -->\n<!-- Meta title sugg\u00e9r\u00e9 : Mons : capitale culturelle de Wallonie, Doudou et patrimoine UNESCO | Hainaut -->\n<!-- Meta description sugg\u00e9r\u00e9e : D\u00e9couvrez Mons, capitale culturelle de Wallonie : beffroi baroque UNESCO, Doudou UNESCO, mini\u00e8res n\u00e9olithiques de Spiennes UNESCO, maison Van Gogh, Grand-Hornu, Mundaneum. Guide complet. -->\n\n<style>\n  @import url('https:\/\/fonts.googleapis.com\/css2?family=Playfair+Display:ital,wght@0,400;0,600;0,700;1,400&family=Source+Sans+3:wght@300;400;600&display=swap');\n\n  .mns-page {\n    font-family: 'Source Sans 3', sans-serif;\n    font-weight: 400;\n    color: #2c2c2c;\n    background: #faf8f4;\n    max-width: 860px;\n    margin: 0 auto;\n    padding: 0 0 48px 0;\n    line-height: 1.75;\n  }\n  .mns-hero {\n    background: linear-gradient(135deg, #1a3a5c 0%, #2a5a8a 60%, #1e4a70 100%);\n    border-radius: 4px 4px 0 0;\n    padding: 40px 40px 32px 40px;\n    position: relative;\n    overflow: hidden;\n  }\n  .mns-hero::before {\n    content: '';\n    position: absolute;\n    top: -30px; right: -30px;\n    width: 180px; height: 180px;\n    background: rgba(212,175,55,0.12);\n    border-radius: 50%;\n  }\n  .mns-hero-label {\n    font-family: 'Source Sans 3', sans-serif;\n    font-size: 11px;\n    font-weight: 600;\n    letter-spacing: 2.5px;\n    text-transform: uppercase;\n    color: #d4af37;\n    margin-bottom: 8px;\n  }\n  .mns-hero h1 {\n    font-family: 'Playfair Display', serif;\n    font-size: clamp(22px, 4vw, 32px);\n    font-weight: 700;\n    color: #ffffff;\n    margin: 0 0 12px 0;\n    line-height: 1.25;\n  }\n  .mns-hero-intro {\n    font-size: 14.5px;\n    color: rgba(255,255,255,0.82);\n    max-width: 620px;\n    margin: 0;\n    font-weight: 300;\n    line-height: 1.65;\n  }\n  .mns-badges {\n    display: flex;\n    flex-wrap: wrap;\n    gap: 10px;\n    background: #1a3a5c;\n    padding: 14px 40px;\n    border-bottom: 3px solid #d4af37;\n  }\n  .mns-badge {\n    display: flex;\n    align-items: center;\n    gap: 6px;\n    background: rgba(255,255,255,0.10);\n    border: 1px solid rgba(212,175,55,0.35);\n    border-radius: 20px;\n    padding: 4px 12px;\n    font-size: 12.5px;\n    color: #e8e0cc;\n    font-family: 'Source Sans 3', sans-serif;\n  }\n  .mns-badge span.ico { font-size: 14px; }\n  .mns-body { padding: 36px 40px 0 40px; }\n  .mns-stats {\n    display: grid;\n    grid-template-columns: repeat(auto-fit, minmax(130px, 1fr));\n    gap: 12px;\n    background: #eef4fb;\n    border: 1px solid #c2d8ee;\n    border-left: 4px solid #d4af37;\n    border-radius: 4px;\n    padding: 20px 22px;\n    margin-bottom: 32px;\n  }\n  .mns-stat-item { text-align: center; }\n  .mns-stat-value {\n    font-family: 'Playfair Display', serif;\n    font-size: 22px;\n    font-weight: 700;\n    color: #1a3a5c;\n    display: block;\n  }\n  .mns-stat-label {\n    font-size: 11.5px;\n    color: #556;\n    text-transform: uppercase;\n    letter-spacing: 0.8px;\n    font-weight: 600;\n  }\n  .mns-section { margin-bottom: 36px; }\n  .mns-section h2 {\n    font-family: 'Playfair Display', serif;\n    font-size: 20px;\n    font-weight: 700;\n    color: #1a3a5c;\n    border-bottom: 2px solid #d4af37;\n    padding-bottom: 6px;\n    margin: 0 0 18px 0;\n  }\n  .mns-section h3 {\n    font-family: 'Playfair Display', serif;\n    font-size: 16px;\n    font-weight: 600;\n    font-style: italic;\n    color: #2a5a8a;\n    margin: 0 0 10px 0;\n  }\n  .mns-section p {\n    font-size: 15px;\n    margin: 0 0 14px 0;\n    color: #333;\n  }\n  .mns-section p strong { color: #1a3a5c; font-weight: 600; }\n  .mns-section p em { color: #2a5a8a; font-style: italic; }\n  .mns-list {\n    list-style: none;\n    padding: 0;\n    margin: 0 0 14px 0;\n    display: grid;\n    grid-template-columns: repeat(auto-fit, minmax(240px, 1fr));\n    gap: 6px 16px;\n  }\n  .mns-list li {\n    font-size: 14.5px;\n    color: #333;\n    padding: 5px 0 5px 20px;\n    position: relative;\n    border-bottom: 1px dotted #d4c88a;\n  }\n  .mns-list li::before {\n    content: '\u25b8';\n    color: #d4af37;\n    position: absolute;\n    left: 0;\n    font-size: 12px;\n    top: 7px;\n  }\n  .mns-list li strong { color: #1a3a5c; font-weight: 600; }\n  .mns-highlight {\n    background: #fff9ec;\n    border: 1px solid #e8d87a;\n    border-left: 4px solid #d4af37;\n    border-radius: 4px;\n    padding: 16px 20px;\n    margin-bottom: 20px;\n    font-size: 14.5px;\n    color: #443a00;\n    font-style: italic;\n    line-height: 1.65;\n  }\n  .mns-duo {\n    display: grid;\n    grid-template-columns: 1fr 1fr;\n    gap: 16px;\n    margin-bottom: 16px;\n  }\n  .mns-duo-col {\n    background: #eef4fb;\n    border: 1px solid #c2d8ee;\n    border-radius: 4px;\n    padding: 14px 16px;\n  }\n  .mns-duo-col h4 {\n    font-family: 'Playfair Display', serif;\n    font-size: 13.5px;\n    font-weight: 600;\n    color: #1a3a5c;\n    margin: 0 0 8px 0;\n    text-transform: uppercase;\n    letter-spacing: 0.6px;\n  }\n  .mns-duo-col p {\n    font-size: 13.5px;\n    color: #444;\n    margin: 0;\n    line-height: 1.6;\n  }\n  .mns-conclusion {\n    background: linear-gradient(135deg, #1a3a5c, #2a5a8a);\n    border-radius: 4px;\n    padding: 24px 28px;\n    margin-top: 8px;\n  }\n  .mns-conclusion p {\n    color: rgba(255,255,255,0.88);\n    font-size: 14.5px;\n    margin: 0;\n    line-height: 1.7;\n    font-style: italic;\n  }\n  .mns-conclusion p strong { color: #d4af37; }\n  .mns-footer {\n    margin-top: 18px;\n    padding-top: 12px;\n    border-top: 1px solid #d4c88a;\n    font-size: 11.5px;\n    color: #999;\n    text-align: right;\n    font-style: italic;\n  }\n  @media (max-width: 600px) {\n    .mns-hero, .mns-body { padding-left: 20px; padding-right: 20px; }\n    .mns-badges { padding: 12px 20px; }\n    .mns-duo { grid-template-columns: 1fr; }\n    .mns-list { grid-template-columns: 1fr; }\n  }\n<\/style>\n\n<div class=\"mns-page\">\n\n  <div class=\"mns-hero\">\n    <div class=\"mns-hero-label\">Fiche ville \u00b7 Belgique<\/div>\n    <h1>Mons<br><span style=\"font-size:0.6em;font-weight:400;opacity:0.85\">Capitale culturelle de Wallonie, ville du Doudou et de Van Gogh<\/span><\/h1>\n    <p class=\"mns-hero-intro\">N\u00e9e au VII<sup>e<\/sup> si\u00e8cle sur la colline de sainte Waudru, Mons est le chef-lieu du Hainaut et la capitale culturelle de Wallonie depuis 2002. Avec trois inscriptions au patrimoine mondial de l&rsquo;UNESCO, une tradition folklorique multis\u00e9culaire et le souvenir de Van Gogh dans ses corons, elle offre une exp\u00e9rience wallonne \u00e0 la fois savante et populaire.<\/p>\n  <\/div>\n\n  <div class=\"mns-badges\">\n    <div class=\"mns-badge\"><span class=\"ico\">\ud83c\udfdb\ufe0f<\/span> Chef-lieu Province de Hainaut<\/div>\n    <div class=\"mns-badge\"><span class=\"ico\">\ud83d\uddfa\ufe0f<\/span> Province de Hainaut \u00b7 Wallonie<\/div>\n    <div class=\"mns-badge\"><span class=\"ico\">\ud83d\udc65<\/span> ~100 000 hab. \u00b7 aggl. 261 000<\/div>\n    <div class=\"mns-badge\"><span class=\"ico\">\ud83c\udfc6<\/span> 3 sites UNESCO<\/div>\n    <div class=\"mns-badge\"><span class=\"ico\">\ud83c\udfad<\/span> Capitale culturelle Wallonie (2002)<\/div>\n    <div class=\"mns-badge\"><span class=\"ico\">\ud83c\udf1f<\/span> Capitale europ\u00e9enne de la Culture 2015<\/div>\n  <\/div>\n\n  <div class=\"mns-body\">\n\n    <div class=\"mns-stats\">\n      <div class=\"mns-stat-item\">\n        <span class=\"mns-stat-value\">VII<sup>e<\/sup> s.<\/span>\n        <span class=\"mns-stat-label\">Fondation (sainte Waudru)<\/span>\n      <\/div>\n      <div class=\"mns-stat-item\">\n        <span class=\"mns-stat-value\">100 000<\/span>\n        <span class=\"mns-stat-label\">Habitants (commune)<\/span>\n      <\/div>\n      <div class=\"mns-stat-item\">\n        <span class=\"mns-stat-value\">3<\/span>\n        <span class=\"mns-stat-label\">Sites UNESCO<\/span>\n      <\/div>\n      <div class=\"mns-stat-item\">\n        <span class=\"mns-stat-value\">87 m<\/span>\n        <span class=\"mns-stat-label\">Hauteur beffroi baroque<\/span>\n      <\/div>\n      <div class=\"mns-stat-item\">\n        <span class=\"mns-stat-value\">1879\u201380<\/span>\n        <span class=\"mns-stat-label\">S\u00e9jour Van Gogh au Borinage<\/span>\n      <\/div>\n      <div class=\"mns-stat-item\">\n        <span class=\"mns-stat-value\">2015<\/span>\n        <span class=\"mns-stat-label\">Capitale europ\u00e9enne de la Culture<\/span>\n      <\/div>\n    <\/div>\n\n    <div class=\"mns-section\">\n      <h2>Histoire et patrimoine<\/h2>\n      <h3>De sainte Waudru \u00e0 la capitale des comtes de Hainaut<\/h3>\n      <p>L&rsquo;origine de Mons est indissociable de <strong>sainte Waudru<\/strong> (?\u2013688), qui se retire au VII<sup>e<\/sup> si\u00e8cle sur la colline dominant la Haine pour y fonder un oratoire. Le nom de la ville vient du latin <em>mons<\/em> (\u00ab mont \u00bb) \u2014 son pendant n\u00e9erlandais <em>Bergen<\/em> figure encore sur les panneaux routiers autour de Bruxelles. Au XII<sup>e<\/sup> si\u00e8cle, le comte de Hainaut <strong>Baudouin IV<\/strong> dote la ville d&rsquo;une enceinte et lui permet de se d\u00e9velopper comme capitale du comt\u00e9. Bourguignonne, espagnole, autrichienne, fran\u00e7aise tour \u00e0 tour, Mons endure de nombreux si\u00e8ges, dont celui de <strong>Louis XIV<\/strong> en <strong>1692<\/strong>. Ses fortifications sont d\u00e9molies en <strong>1867<\/strong>, lib\u00e9rant l&rsquo;espace pour de grands boulevards. En <strong>ao\u00fbt 1914<\/strong>, Mons est le th\u00e9\u00e2tre de la toute premi\u00e8re bataille du Commonwealth sur le sol europ\u00e9en ; le premier et le dernier mort britannique de la Grande Guerre reposent c\u00f4te \u00e0 c\u00f4te au cimeti\u00e8re militaire de <strong>Saint-Symphorien<\/strong>, class\u00e9 UNESCO en <strong>2023<\/strong>.<\/p>\n\n      <h3>Trois inscriptions au patrimoine mondial de l&rsquo;UNESCO<\/h3>\n      <p>Mons est la seule ville wallonne \u00e0 compter <strong>trois chefs-d&rsquo;\u0153uvre UNESCO<\/strong>. Le <strong>beffroi baroque<\/strong> (1661\u20131672, 87 m), unique en son genre dans tout le pays et surnomm\u00e9 <em>El catiau<\/em>, domine la ville depuis 1999. Les <strong>mini\u00e8res n\u00e9olithiques de silex de Spiennes<\/strong>, \u00e0 6 km, forment l&rsquo;un des plus vastes sites miniers pr\u00e9historiques d&rsquo;Europe (4400\u20133000 av. J.-C.), class\u00e9s en 2000 et dot\u00e9s depuis lors d&rsquo;un centre d&rsquo;interpr\u00e9tation, le <strong>SILEX&rsquo;S<\/strong>. Enfin, la <strong>Ducasse rituelle de Mons<\/strong>, le c\u00e9l\u00e8bre <em>Doudou<\/em>, est inscrite au patrimoine culturel immat\u00e9riel de l&rsquo;humanit\u00e9 depuis <strong>2005<\/strong>. \u00c0 cela s&rsquo;ajoute le cimeti\u00e8re militaire de Saint-Symphorien (2023), qui porte le total des reconnaissances UNESCO de la r\u00e9gion montoise \u00e0 quatre.<\/p>\n\n      <div class=\"mns-highlight\">\n        Le <strong>Singe du Grand Garde<\/strong>, petite sculpture de fonte accroch\u00e9e \u00e0 la fa\u00e7ade de l&rsquo;h\u00f4tel de ville, est le porte-bonheur des Montois depuis des si\u00e8cles. Selon la tradition, caresser sa t\u00eate de la main gauche garantit la r\u00e9alisation d&rsquo;un v\u0153u. C&rsquo;est l&rsquo;une des coutumes populaires les plus vivaces de la ville, pratiqu\u00e9e aussi bien par les habitants que par les visiteurs.\n      <\/div>\n    <\/div>\n\n    <div class=\"mns-section\">\n      <h2>Le Doudou : la f\u00eate de saint Georges et du dragon<\/h2>\n      <p>Chaque ann\u00e9e, le week-end de la <strong>Trinit\u00e9<\/strong> (entre mi-mai et mi-juin), Mons explose de liesse lors de la <strong>Ducasse<\/strong>. La ch\u00e2sse de <strong>sainte Waudru<\/strong> est hiss\u00e9e sur le fastueux <strong>Car d&rsquo;Or<\/strong> \u2014 un char dor\u00e9 tir\u00e9 par des chevaux blancs \u2014 qui effectue une procession solennelle autour de la ville. L&rsquo;apog\u00e9e est le <strong>combat dit \u00ab Lume\u00e7on \u00bb<\/strong> : la reconstitution du combat entre <strong>saint Georges<\/strong> et le <strong>Dragon<\/strong> (dont le nom wallon <em>Doudou<\/em> a donn\u00e9 son surnom \u00e0 toute la f\u00eate), entour\u00e9s de diables et d&rsquo;hommes sauvages appel\u00e9s <em>chinchins<\/em>. Si saint Georges terrasse le dragon, la ville est assur\u00e9e d&rsquo;une bonne ann\u00e9e. Par tradition, chaque spectateur tire sur la queue du dragon pour s&rsquo;attirer la chance. Plusieurs centaines de milliers de personnes assistent chaque ann\u00e9e \u00e0 la f\u00eate.<\/p>\n    <\/div>\n\n    <div class=\"mns-section\">\n      <h2>Van Gogh au Borinage<\/h2>\n      <p>Entre <strong>1879 et 1880<\/strong>, <strong>Vincent van Gogh<\/strong>, alors \u00e2g\u00e9 de 26 ans, arrive dans les corons du <strong>Borinage<\/strong> comme pr\u00e9dicateur la\u00efque aupr\u00e8s des mineurs. Choqu\u00e9 par leur mis\u00e8re, il vit \u00e0 leurs c\u00f4t\u00e9s et commence \u00e0 dessiner. C&rsquo;est dans la petite maison de <strong>Cuesmes<\/strong> chez le contrema\u00eetre Charles Decrucq qu&rsquo;il d\u00e9cide de devenir peintre \u2014 l&rsquo;un des tournants les plus d\u00e9cisifs de l&rsquo;histoire de l&rsquo;art occidental. La <strong>Maison Van Gogh de Cuesmes<\/strong>, restaur\u00e9e lors de Mons 2015, est aujourd&rsquo;hui un mus\u00e9e sobre et \u00e9mouvant. Une seconde maison \u00e0 Wasmes (Colfontaine) et le site du charbonnage de <strong>Marcasse<\/strong> compl\u00e8tent le circuit sur les traces du peintre dans la r\u00e9gion.<\/p>\n    <\/div>\n\n    <div class=\"mns-section\">\n      <h2>Tourisme et attractions incontournables<\/h2>\n      <p>Mons se parcourt ais\u00e9ment \u00e0 pied dans son centre compact et largement pi\u00e9tonnier, \u00e0 partir de la Grand-Place.<\/p>\n      <ul class=\"mns-list\">\n        <li><strong>Beffroi<\/strong> \u2014 UNESCO, baroque unique en Belgique, 87 m<\/li>\n        <li><strong>Coll\u00e9giale Sainte-Waudru<\/strong> \u2014 gothique braban\u00e7on, Car d&rsquo;Or, statues Du Broeucq<\/li>\n        <li><strong>Grand-Place &amp; h\u00f4tel de ville<\/strong> \u2014 gothique XV<sup>e<\/sup> s., Singe du Grand Garde<\/li>\n        <li><strong>SILEX&rsquo;S &amp; mini\u00e8res de Spiennes<\/strong> \u2014 UNESCO, N\u00e9olithique, 6 km<\/li>\n        <li><strong>Mus\u00e9e du Doudou<\/strong> \u2014 patrimoine immat\u00e9riel UNESCO, jardin du Mayeur<\/li>\n        <li><strong>Maison Van Gogh<\/strong> (Cuesmes) \u2014 naissance de l&rsquo;artiste peintre<\/li>\n        <li><strong>Grand-Hornu<\/strong> \u2014 charbonnage UNESCO, MAC&rsquo;s art contemporain, CID design<\/li>\n        <li><strong>Mundaneum<\/strong> \u2014 \u00ab Google de papier \u00bb, 12 millions de fiches, Paul Otlet<\/li>\n        <li><strong>BAM<\/strong> \u2014 Mus\u00e9e des Beaux-Arts de Mons, art moderne et contemporain<\/li>\n        <li><strong>Maison Losseau<\/strong> \u2014 Art nouveau, Victor Horta, bibliophilie<\/li>\n        <li><strong>Mons Memorial Museum<\/strong> \u2014 Grande Guerre, Bataille de Mons 1914<\/li>\n        <li><strong>Cimeti\u00e8re Saint-Symphorien<\/strong> \u2014 UNESCO 2023, 1<sup>er<\/sup> et dernier mort du Commonwealth<\/li>\n        <li><strong>PASS<\/strong> (Frameries) \u2014 sciences, site industriel patrimonial UNESCO<\/li>\n        <li><strong>Pairi Daiza<\/strong> (Brugelette) \u2014 parc animalier et botanique, aux portes de Mons<\/li>\n      <\/ul>\n    <\/div>\n\n    <div class=\"mns-section\">\n      <h2>Culture et identit\u00e9 montoise<\/h2>\n      <h3>Capitale culturelle et ville universitaire<\/h3>\n      <p>Mons est dot\u00e9e d&rsquo;un r\u00e9seau mus\u00e9al remarquable pour sa taille : le <strong>BAM<\/strong>, l&rsquo;<strong>Artoth\u00e8que<\/strong>, les <strong>Anciens Abattoirs<\/strong>, le <strong>MAC&rsquo;s<\/strong> et le <strong>CID<\/strong> au Grand-Hornu forment un ensemble coh\u00e9rent. La ville est aussi couverte de fresques monumentales de street art dans le cadre du programme <em>L&rsquo;Art habite la Ville<\/em>. Le <strong>SHAPE<\/strong> (Quartier g\u00e9n\u00e9ral supr\u00eame des puissances alli\u00e9es en Europe), implant\u00e9 \u00e0 Casteau depuis 1967, y attire une importante communaut\u00e9 internationale. L&rsquo;<strong>Universit\u00e9 de Mons<\/strong> (UMons) et plusieurs hautes \u00e9coles animent la vie estudiantine.<\/p>\n\n      <div class=\"mns-duo\">\n        <div class=\"mns-duo-col\">\n          <h4>\ud83c\udf7d\ufe0f Gastronomie du Hainaut<\/h4>\n          <p>La cuisine montoise est g\u00e9n\u00e9reuse : <strong>pot\u00e9e du Hainaut<\/strong>, <strong>lapin aux pruneaux<\/strong>, p\u00e2tisseries locales et bi\u00e8res artisanales s&rsquo;invitent sur les tables des estaminets de la Grand-Place. Les <strong>couques<\/strong> et les sp\u00e9cialit\u00e9s sucr\u00e9es de la r\u00e9gion se retrouvent chez les boulangers et confiseurs du centre.<\/p>\n        <\/div>\n        <div class=\"mns-duo-col\">\n          <h4>\ud83c\udfad \u00c9v\u00e9nements &amp; festivals<\/h4>\n          <p>Outre le <strong>Doudou<\/strong>, Mons accueille le <strong>Mons International Film Festival<\/strong> (MIFF), le <strong>Mons Short Film Festival<\/strong>, des march\u00e9s de No\u00ebl festifs et une programmation culturelle dense tout au long de l&rsquo;ann\u00e9e dans ses salles et mus\u00e9es.<\/p>\n        <\/div>\n      <\/div>\n    <\/div>\n\n    <div class=\"mns-conclusion\">\n      <p>Mons r\u00e9concilie les contraires avec une \u00e9l\u00e9gance toute wallonne : le baroque solennel de son beffroi et la liesse populaire du Doudou, les corons de Van Gogh et la modernit\u00e9 du MAC&rsquo;s, la rigueur des archives du Mundaneum et la chaleur de ses estaminets. Capitale culturelle fi\u00e8re de ses reconnaissances UNESCO, elle demeure avant tout une ville \u00e0 taille humaine, chaleureuse et attachante, qui r\u00e9serve \u00e0 chaque visiteur sa part de <strong>surprise montoise<\/strong>.<\/p>\n    <\/div>\n\n    <div class=\"mns-footer\">Source : anabel.be\/web \u2014 Fiche ville Mons<\/div>\n\n  <\/div>\n<\/div>\n\n<\/div><\/div>\n","protected":false},"excerpt":{"rendered":"","protected":false},"author":2,"featured_media":0,"comment_status":"closed","ping_status":"closed","sticky":false,"template":"","format":"standard","meta":{"_jetpack_memberships_contains_paid_content":false,"footnotes":""},"categories":[70],"tags":[41,69,57,71],"class_list":["post-744","post","type-post","status-publish","format-standard","hentry","category-decouvertes","tag-communes","tag-decouverte","tag-histoire","tag-tourisme"],"jetpack_featured_media_url":"","jetpack_sharing_enabled":true,"_links":{"self":[{"href":"https:\/\/www.anabel.be\/web\/wp-json\/wp\/v2\/posts\/744","targetHints":{"allow":["GET"]}}],"collection":[{"href":"https:\/\/www.anabel.be\/web\/wp-json\/wp\/v2\/posts"}],"about":[{"href":"https:\/\/www.anabel.be\/web\/wp-json\/wp\/v2\/types\/post"}],"author":[{"embeddable":true,"href":"https:\/\/www.anabel.be\/web\/wp-json\/wp\/v2\/users\/2"}],"replies":[{"embeddable":true,"href":"https:\/\/www.anabel.be\/web\/wp-json\/wp\/v2\/comments?post=744"}],"version-history":[{"count":2,"href":"https:\/\/www.anabel.be\/web\/wp-json\/wp\/v2\/posts\/744\/revisions"}],"predecessor-version":[{"id":747,"href":"https:\/\/www.anabel.be\/web\/wp-json\/wp\/v2\/posts\/744\/revisions\/747"}],"wp:attachment":[{"href":"https:\/\/www.anabel.be\/web\/wp-json\/wp\/v2\/media?parent=744"}],"wp:term":[{"taxonomy":"category","embeddable":true,"href":"https:\/\/www.anabel.be\/web\/wp-json\/wp\/v2\/categories?post=744"},{"taxonomy":"post_tag","embeddable":true,"href":"https:\/\/www.anabel.be\/web\/wp-json\/wp\/v2\/tags?post=744"}],"curies":[{"name":"wp","href":"https:\/\/api.w.org\/{rel}","templated":true}]}}