{"id":732,"date":"2026-04-22T20:58:35","date_gmt":"2026-04-22T18:58:35","guid":{"rendered":"https:\/\/www.anabel.be\/web\/?p=732"},"modified":"2026-04-22T20:58:35","modified_gmt":"2026-04-22T18:58:35","slug":"bruges-histoire-medievale-patrimoine-unesco-et-tourisme-venise-du-nord","status":"publish","type":"post","link":"https:\/\/www.anabel.be\/web\/bruges-histoire-medievale-patrimoine-unesco-et-tourisme-venise-du-nord\/","title":{"rendered":"Bruges : histoire m\u00e9di\u00e9vale, patrimoine UNESCO et tourisme | Venise du Nord"},"content":{"rendered":"\n<div class=\"wp-block-cover is-light wp-duotone-abb8c3-ffffff-1\"><span aria-hidden=\"true\" class=\"wp-block-cover__background has-cyan-bluish-gray-background-color has-background-dim-100 has-background-dim\"><\/span><div class=\"wp-block-cover__inner-container is-layout-constrained wp-block-cover-is-layout-constrained\">\n<p class=\"has-text-align-center has-large-font-size\">Votre annonce ici, contactez-nous<\/p>\n<\/div><\/div>\n\n\n\n<!-- Fiche ville : Bruges \u2014 anabel.be\/web -->\n<!-- Meta title sugg\u00e9r\u00e9 : Bruges : histoire m\u00e9di\u00e9vale, patrimoine UNESCO et tourisme | Venise du Nord -->\n<!-- Meta description sugg\u00e9r\u00e9e : D\u00e9couvrez Bruges, joyau m\u00e9di\u00e9val de Flandre-Occidentale : centre historique UNESCO, Primitifs flamands, beffroi, canaux, dentelle, chocolat et bi\u00e8res trappistes. Guide complet de la ville la plus touristique de Belgique. -->\n\n<style>\n  @import url('https:\/\/fonts.googleapis.com\/css2?family=Playfair+Display:ital,wght@0,400;0,600;0,700;1,400&family=Source+Sans+3:wght@300;400;600&display=swap');\n\n  .brg-page {\n    font-family: 'Source Sans 3', sans-serif;\n    font-weight: 400;\n    color: #2c2c2c;\n    background: #faf8f4;\n    max-width: 860px;\n    margin: 0 auto;\n    padding: 0 0 48px 0;\n    line-height: 1.75;\n  }\n\n  .brg-hero {\n    background: linear-gradient(135deg, #1a3a5c 0%, #2a5a8a 60%, #1e4a70 100%);\n    border-radius: 4px 4px 0 0;\n    padding: 40px 40px 32px 40px;\n    position: relative;\n    overflow: hidden;\n  }\n  .brg-hero::before {\n    content: '';\n    position: absolute;\n    top: -30px; right: -30px;\n    width: 180px; height: 180px;\n    background: rgba(212,175,55,0.12);\n    border-radius: 50%;\n  }\n  .brg-hero-label {\n    font-family: 'Source Sans 3', sans-serif;\n    font-size: 11px;\n    font-weight: 600;\n    letter-spacing: 2.5px;\n    text-transform: uppercase;\n    color: #d4af37;\n    margin-bottom: 8px;\n  }\n  .brg-hero h1 {\n    font-family: 'Playfair Display', serif;\n    font-size: clamp(22px, 4vw, 32px);\n    font-weight: 700;\n    color: #ffffff;\n    margin: 0 0 12px 0;\n    line-height: 1.25;\n  }\n  .brg-hero-intro {\n    font-size: 14.5px;\n    color: rgba(255,255,255,0.82);\n    max-width: 620px;\n    margin: 0;\n    font-weight: 300;\n    line-height: 1.65;\n  }\n\n  .brg-badges {\n    display: flex;\n    flex-wrap: wrap;\n    gap: 10px;\n    background: #1a3a5c;\n    padding: 14px 40px;\n    border-bottom: 3px solid #d4af37;\n  }\n  .brg-badge {\n    display: flex;\n    align-items: center;\n    gap: 6px;\n    background: rgba(255,255,255,0.10);\n    border: 1px solid rgba(212,175,55,0.35);\n    border-radius: 20px;\n    padding: 4px 12px;\n    font-size: 12.5px;\n    color: #e8e0cc;\n    font-family: 'Source Sans 3', sans-serif;\n  }\n  .brg-badge span.ico { font-size: 14px; }\n\n  .brg-body { padding: 36px 40px 0 40px; }\n\n  .brg-stats {\n    display: grid;\n    grid-template-columns: repeat(auto-fit, minmax(130px, 1fr));\n    gap: 12px;\n    background: #eef4fb;\n    border: 1px solid #c2d8ee;\n    border-left: 4px solid #d4af37;\n    border-radius: 4px;\n    padding: 20px 22px;\n    margin-bottom: 32px;\n  }\n  .brg-stat-item { text-align: center; }\n  .brg-stat-value {\n    font-family: 'Playfair Display', serif;\n    font-size: 22px;\n    font-weight: 700;\n    color: #1a3a5c;\n    display: block;\n  }\n  .brg-stat-label {\n    font-size: 11.5px;\n    color: #556;\n    text-transform: uppercase;\n    letter-spacing: 0.8px;\n    font-weight: 600;\n  }\n\n  .brg-section { margin-bottom: 36px; }\n  .brg-section h2 {\n    font-family: 'Playfair Display', serif;\n    font-size: 20px;\n    font-weight: 700;\n    color: #1a3a5c;\n    border-bottom: 2px solid #d4af37;\n    padding-bottom: 6px;\n    margin: 0 0 18px 0;\n  }\n  .brg-section h3 {\n    font-family: 'Playfair Display', serif;\n    font-size: 16px;\n    font-weight: 600;\n    font-style: italic;\n    color: #2a5a8a;\n    margin: 0 0 10px 0;\n  }\n  .brg-section p {\n    font-size: 15px;\n    margin: 0 0 14px 0;\n    color: #333;\n  }\n  .brg-section p strong { color: #1a3a5c; font-weight: 600; }\n  .brg-section p em { color: #2a5a8a; font-style: italic; }\n\n  .brg-list {\n    list-style: none;\n    padding: 0;\n    margin: 0 0 14px 0;\n    display: grid;\n    grid-template-columns: repeat(auto-fit, minmax(240px, 1fr));\n    gap: 6px 16px;\n  }\n  .brg-list li {\n    font-size: 14.5px;\n    color: #333;\n    padding: 5px 0 5px 20px;\n    position: relative;\n    border-bottom: 1px dotted #d4c88a;\n  }\n  .brg-list li::before {\n    content: '\u25b8';\n    color: #d4af37;\n    position: absolute;\n    left: 0;\n    font-size: 12px;\n    top: 7px;\n  }\n  .brg-list li strong { color: #1a3a5c; font-weight: 600; }\n\n  .brg-highlight {\n    background: #fff9ec;\n    border: 1px solid #e8d87a;\n    border-left: 4px solid #d4af37;\n    border-radius: 4px;\n    padding: 16px 20px;\n    margin-bottom: 20px;\n    font-size: 14.5px;\n    color: #443a00;\n    font-style: italic;\n    line-height: 1.65;\n  }\n\n  .brg-duo {\n    display: grid;\n    grid-template-columns: 1fr 1fr;\n    gap: 16px;\n    margin-bottom: 16px;\n  }\n  .brg-duo-col {\n    background: #eef4fb;\n    border: 1px solid #c2d8ee;\n    border-radius: 4px;\n    padding: 14px 16px;\n  }\n  .brg-duo-col h4 {\n    font-family: 'Playfair Display', serif;\n    font-size: 13.5px;\n    font-weight: 600;\n    color: #1a3a5c;\n    margin: 0 0 8px 0;\n    text-transform: uppercase;\n    letter-spacing: 0.6px;\n  }\n  .brg-duo-col p {\n    font-size: 13.5px;\n    color: #444;\n    margin: 0;\n    line-height: 1.6;\n  }\n\n  .brg-conclusion {\n    background: linear-gradient(135deg, #1a3a5c, #2a5a8a);\n    border-radius: 4px;\n    padding: 24px 28px;\n    margin-top: 8px;\n  }\n  .brg-conclusion p {\n    color: rgba(255,255,255,0.88);\n    font-size: 14.5px;\n    margin: 0;\n    line-height: 1.7;\n    font-style: italic;\n  }\n  .brg-conclusion p strong { color: #d4af37; }\n\n  .brg-footer {\n    margin-top: 18px;\n    padding-top: 12px;\n    border-top: 1px solid #d4c88a;\n    font-size: 11.5px;\n    color: #999;\n    text-align: right;\n    font-style: italic;\n  }\n\n  @media (max-width: 600px) {\n    .brg-hero, .brg-body { padding-left: 20px; padding-right: 20px; }\n    .brg-badges { padding: 12px 20px; }\n    .brg-duo { grid-template-columns: 1fr; }\n    .brg-list { grid-template-columns: 1fr; }\n  }\n<\/style>\n\n<div class=\"brg-page\">\n\n  <!-- Hero -->\n  <div class=\"brg-hero\">\n    <div class=\"brg-hero-label\">Fiche ville \u00b7 Belgique<\/div>\n    <h1>Bruges<br><span style=\"font-size:0.6em;font-weight:400;opacity:0.85\">La Venise du Nord, joyau m\u00e9di\u00e9val de la Flandre<\/span><\/h1>\n    <p class=\"brg-hero-intro\">Ancien carrefour commercial de l&rsquo;Europe m\u00e9di\u00e9vale, berceau des Primitifs flamands et ville la plus touristique de Belgique, Bruges a travers\u00e9 les si\u00e8cles dans un \u00e9tat de conservation exceptionnel. Ses canaux, ses fa\u00e7ades gothiques en briques et ses tr\u00e9sors artistiques en font l&rsquo;une des destinations patrimoniales les plus pris\u00e9es du continent.<\/p>\n  <\/div>\n\n  <!-- Badges -->\n  <div class=\"brg-badges\">\n    <div class=\"brg-badge\"><span class=\"ico\">\ud83c\udfdb\ufe0f<\/span> Chef-lieu Flandre-Occidentale<\/div>\n    <div class=\"brg-badge\"><span class=\"ico\">\ud83d\uddfa\ufe0f<\/span> Province de Flandre-Occidentale<\/div>\n    <div class=\"brg-badge\"><span class=\"ico\">\ud83d\udc65<\/span> ~119 000 hab. (commune)<\/div>\n    <div class=\"brg-badge\"><span class=\"ico\">\ud83c\udfc6<\/span> 4 inscriptions UNESCO<\/div>\n    <div class=\"brg-badge\"><span class=\"ico\">\ud83d\udea2<\/span> Port de Zeebrugge (fusionn\u00e9 Anvers)<\/div>\n    <div class=\"brg-badge\"><span class=\"ico\">\ud83c\udfa8<\/span> Capitale europ\u00e9enne de la culture 2002<\/div>\n  <\/div>\n\n  <!-- Corps -->\n  <div class=\"brg-body\">\n\n    <!-- Chiffres cl\u00e9s -->\n    <div class=\"brg-stats\">\n      <div class=\"brg-stat-item\">\n        <span class=\"brg-stat-value\">IX<sup>e<\/sup> s.<\/span>\n        <span class=\"brg-stat-label\">Origines (Baudouin I<sup>er<\/sup>)<\/span>\n      <\/div>\n      <div class=\"brg-stat-item\">\n        <span class=\"brg-stat-value\">119 000<\/span>\n        <span class=\"brg-stat-label\">Habitants (2023)<\/span>\n      <\/div>\n      <div class=\"brg-stat-item\">\n        <span class=\"brg-stat-value\">7 M<\/span>\n        <span class=\"brg-stat-label\">Visiteurs \/ an<\/span>\n      <\/div>\n      <div class=\"brg-stat-item\">\n        <span class=\"brg-stat-value\">83 m<\/span>\n        <span class=\"brg-stat-label\">Hauteur du beffroi<\/span>\n      <\/div>\n      <div class=\"brg-stat-item\">\n        <span class=\"brg-stat-value\">1409<\/span>\n        <span class=\"brg-stat-label\">1<sup>re<\/sup> bourse d&rsquo;Europe<\/span>\n      <\/div>\n      <div class=\"brg-stat-item\">\n        <span class=\"brg-stat-value\">115,5 m<\/span>\n        <span class=\"brg-stat-label\">Tour \u00e9glise Notre-Dame<\/span>\n      <\/div>\n    <\/div>\n\n    <!-- Histoire -->\n    <div class=\"brg-section\">\n      <h2>Histoire et patrimoine<\/h2>\n      <h3>Des origines vikings \u00e0 la m\u00e9tropole commerciale m\u00e9di\u00e9vale<\/h3>\n      <p>Les origines de Bruges remontent au IX<sup>e<\/sup> si\u00e8cle, lorsque <strong>Baudouin Bras-de-Fer<\/strong>, premier comte de Flandre, \u00e9difie un ch\u00e2teau fort pour prot\u00e9ger la c\u00f4te des invasions normandes. Le nom m\u00eame de la ville \u2014 <em>Bryggia<\/em> en norrois, \u00ab lieu de mouillage \u00bb \u2014 trahit cette gen\u00e8se maritime. D\u00e8s le XI<sup>e<\/sup> si\u00e8cle, la fabrication et le commerce du <strong>drap flamand<\/strong> propulsent Bruges sur la sc\u00e8ne europ\u00e9enne. Sa connexion \u00e0 la mer via l&rsquo;estuaire du <strong>Zwin<\/strong> en fait le terminus occidental des routes commerciales hans\u00e9atiques et le point de rencontre entre marchands du Nord et du bassin m\u00e9diterran\u00e9en.<\/p>\n      <p>L&rsquo;\u00e2ge d&rsquo;or de Bruges se d\u00e9ploie entre le <strong>XIII<sup>e<\/sup> et le XV<sup>e<\/sup> si\u00e8cle<\/strong>. L&rsquo;arriv\u00e9e des marchands g\u00e9nois en <strong>1277<\/strong>, avec le premier convoi maritime passant par Gibraltar, fait de la ville la premi\u00e8re place financi\u00e8re d&rsquo;Europe : c&rsquo;est \u00e0 Bruges, dans l&rsquo;h\u00f4tel de la famille <strong>Van der Buerse<\/strong>, que na\u00eet l&rsquo;institution boursi\u00e8re dont le nom est encore utilis\u00e9 dans toutes les langues. En <strong>1409<\/strong>, une bourse officielle y est cr\u00e9\u00e9e. La ville compte alors pr\u00e8s de <strong>100 000 habitants<\/strong> \u2014 l&rsquo;une des plus grandes d&rsquo;Europe \u2014 et attire ducs de Bourgogne, artistes, banquiers et marchands du monde entier. C&rsquo;est dans ce contexte de faste bourguignon que les <strong>Primitifs flamands<\/strong> \u2014 Jan Van Eyck, Hans Memling, Hugo van der Goes, G\u00e9rard David \u2014 cr\u00e9ent leurs chefs-d&rsquo;\u0153uvre.<\/p>\n      <p>Le d\u00e9clin commence \u00e0 la fin du XV<sup>e<\/sup> si\u00e8cle avec l&rsquo;<strong>ensablement progressif du Zwin<\/strong>, qui coupe la ville de la mer. La mort inattendue de la duchesse <strong>Marie de Bourgogne<\/strong> en <strong>1482<\/strong> prive Bruges de la protection de la cour. Le commerce migre vers Anvers, et Bruges entre dans une longue torpeur. Paradoxalement, c&rsquo;est ce d\u00e9clin qui sauve son patrimoine : faute de moyens pour d\u00e9molir et reconstruire, la ville m\u00e9di\u00e9vale est conserv\u00e9e quasi intacte. Les touristes anglais du XIX<sup>e<\/sup> si\u00e8cle la red\u00e9couvrent, le roman <em>Bruges-la-Morte<\/em> (1892) de <strong>Georges Rodenbach<\/strong> lui donne une aura romantique mondiale, et les restaurations n\u00e9ogothiques lui restituent une coh\u00e9rence architecturale unique. En <strong>2000<\/strong>, l&rsquo;UNESCO classe son centre historique au patrimoine mondial.<\/p>\n\n      <div class=\"brg-highlight\">\n        Bruges est l&rsquo;une des rares villes au monde \u00e0 cumuler <strong>quatre inscriptions UNESCO<\/strong> : le <strong>centre historique<\/strong> (2000), le <strong>beffroi<\/strong> (class\u00e9 parmi les beffrois de Belgique et du nord de la France, 1999), le <strong>b\u00e9guinage<\/strong> (parmi les b\u00e9guinages flamands, 1998) et la <strong>Procession du Saint-Sang<\/strong> (patrimoine culturel immat\u00e9riel, 2009) \u2014 cette procession annuelle du jour de l&rsquo;Ascension qui d\u00e9file dans la ville depuis le Moyen \u00c2ge.\n      <\/div>\n    <\/div>\n\n    <!-- Art & patrimoine -->\n    <div class=\"brg-section\">\n      <h2>Les Primitifs flamands et les arts<\/h2>\n      <h3>Bruges, berceau d&rsquo;un r\u00e9volution picturale<\/h3>\n      <p>Au XV<sup>e<\/sup> si\u00e8cle, \u00e0 l&rsquo;apog\u00e9e de la ville, Bruges devient le foyer de l&rsquo;une des r\u00e9volutions artistiques les plus d\u00e9cisives de l&rsquo;histoire de l&rsquo;art occidental : l&rsquo;\u00e9cole des <strong>Primitifs flamands<\/strong>. <strong>Jan Van Eyck<\/strong>, qui y r\u00e9side et y travaille, perfectionne la technique de la peinture \u00e0 l&rsquo;huile et cr\u00e9e des \u0153uvres d&rsquo;un r\u00e9alisme in\u00e9dit \u2014 dont <em>La Vierge au chanoine Van der Paele<\/em> (1436), conserv\u00e9e au mus\u00e9e Groeninge, est l&rsquo;un des sommets. <strong>Hans Memling<\/strong>, \u00e9tabli \u00e0 Bruges de 1465 \u00e0 sa mort en 1494, y laisse certaines de ses \u0153uvres les plus abouties, dont la <em>Ch\u00e2sse de Sainte-Ursule<\/em>, conserv\u00e9e dans l&rsquo;ancien h\u00f4pital Saint-Jean. L&rsquo;<strong>\u00e9glise Notre-Dame<\/strong> abrite quant \u00e0 elle la <em>Vierge \u00e0 l&rsquo;Enfant<\/em> de <strong>Michel-Ange<\/strong> \u2014 l&rsquo;une des rares sculptures du ma\u00eetre florentin \u00e0 avoir quitt\u00e9 l&rsquo;Italie de son vivant \u2014 ainsi que les mausol\u00e9es de <strong>Charles le T\u00e9m\u00e9raire<\/strong> et de sa fille <strong>Marie de Bourgogne<\/strong>.<\/p>\n    <\/div>\n\n    <!-- Tourisme -->\n    <div class=\"brg-section\">\n      <h2>Tourisme et attractions incontournables<\/h2>\n      <p>Bruges accueille quelque <strong>7 millions de visiteurs<\/strong> par an \u2014 un afflux qui pose la question du tourisme durable et a conduit la ville \u00e0 mettre en place des mesures de r\u00e9gulation. Le centre historique se parcourt id\u00e9alement \u00e0 pied ou \u00e0 v\u00e9lo, ou depuis l&rsquo;eau lors d&rsquo;une promenade en bateau sur les canaux.<\/p>\n      <ul class=\"brg-list\">\n        <li><strong>Markt (Grand-Place)<\/strong> \u2014 beffroi, halles, panorama \u00e0 83 m<\/li>\n        <li><strong>Place du Bourg<\/strong> \u2014 h\u00f4tel de ville gothique (1421), basilique du Saint-Sang<\/li>\n        <li><strong>Groeningemuseum<\/strong> \u2014 Primitifs flamands, Van Eyck, Memling<\/li>\n        <li><strong>Mus\u00e9e H\u00f4pital Saint-Jean<\/strong> \u2014 Memling, b\u00e2timent du XII<sup>e<\/sup> s.<\/li>\n        <li><strong>Gruuthusemuseum<\/strong> \u2014 500 ans d&rsquo;histoire brugeoise, dentelles, tapisseries<\/li>\n        <li><strong>\u00c9glise Notre-Dame<\/strong> \u2014 Vierge de Michel-Ange, tombeaux bourguignons<\/li>\n        <li><strong>B\u00e9guinage Ten Wijngaerde<\/strong> \u2014 UNESCO, XIII<sup>e<\/sup> s., b\u00e9n\u00e9dictines<\/li>\n        <li><strong>Minnewater<\/strong> \u2014 lac de l&rsquo;Amour, promenades romantiques<\/li>\n        <li><strong>Croisi\u00e8res sur les canaux<\/strong> \u2014 5 d\u00e9barcad\u00e8res, vue sur jardins secrets<\/li>\n        <li><strong>Historium<\/strong> \u2014 immersion en r\u00e9alit\u00e9 virtuelle dans le Bruges m\u00e9di\u00e9val<\/li>\n        <li><strong>Quartier de la Hanse<\/strong> \u2014 ancien comptoir commercial du Nord-Ouest europ\u00e9en<\/li>\n        <li><strong>Moulins \u00e0 vent des remparts<\/strong> \u2014 dont le Sint-Janshuis, encore en activit\u00e9<\/li>\n        <li><strong>Kantcentrum<\/strong> \u2014 centre de la dentelle de Bruges<\/li>\n        <li><strong>Choco-Story<\/strong> \u2014 mus\u00e9e du chocolat avec d\u00e9gustation<\/li>\n      <\/ul>\n    <\/div>\n\n    <!-- Gastronomie & savoir-faire -->\n    <div class=\"brg-section\">\n      <h2>Gastronomie, bi\u00e8res et savoir-faire<\/h2>\n      <h3>Les arts de la table et les arts de la main<\/h3>\n      <div class=\"brg-duo\">\n        <div class=\"brg-duo-col\">\n          <h4>\ud83c\udf7a Bi\u00e8res &amp; chocolats<\/h4>\n          <p>La brasserie <strong>De Halve Maan<\/strong> (brasserie en activit\u00e9 en plein centre depuis 1856) produit la <strong>Brugse Zot<\/strong> et la <strong>Straffe Hendrik<\/strong>. La ville compte plus de <strong>130 vari\u00e9t\u00e9s<\/strong> de bi\u00e8res r\u00e9gionales, dont 5 trappistes. C\u00f4t\u00e9 chocolat, des maisons comme <strong>The Chocolate Line<\/strong> ou <strong>Dumon<\/strong> rivalisent de cr\u00e9ativit\u00e9 et d&rsquo;excellence.<\/p>\n        <\/div>\n        <div class=\"brg-duo-col\">\n          <h4>\ud83e\udea1 Dentelle &amp; savoir-faire<\/h4>\n          <p>La <strong>dentelle de Bruges<\/strong> (<em>Brugse kant<\/em>) est l&rsquo;un des savoir-faire artisanaux les plus r\u00e9put\u00e9s au monde, h\u00e9ritier de l&rsquo;ancienne tradition drapi\u00e8re. Le <strong>Kantcentrum<\/strong> en retrace l&rsquo;histoire et propose des d\u00e9monstrations de dentelli\u00e8res. Ce savoir-faire est inscrit au patrimoine immat\u00e9riel de la Communaut\u00e9 flamande.<\/p>\n        <\/div>\n      <\/div>\n      <p>La gastronomie brugeoise s&rsquo;inscrit dans la grande tradition flamande : <strong>waterzooi<\/strong>, <strong>carbonade flamande<\/strong>, <strong>croquettes aux crevettes grises<\/strong> et <strong>moules-frites<\/strong> figurent sur les cartes des brasseries du Markt. La <strong>gaufre de Li\u00e8ge<\/strong> (aux perles de sucre caram\u00e9lis\u00e9) et les <strong>sp\u00e9culoos<\/strong> se grignotent \u00e0 toute heure dans les ruelles pav\u00e9es. Quant aux <strong>dentelles de Bruges \u00e0 la cannelle<\/strong> \u2014 fins biscuits ajour\u00e9s \u2014, elles font \u00e9cho, dans l&rsquo;assiette, \u00e0 l&rsquo;artisanat qui a fait la gloire de la ville.<\/p>\n\n      <h3>Bruges et le d\u00e9fi du surtourisme<\/h3>\n      <p>Avec 7 millions de visiteurs annuels pour seulement 119 000 habitants, Bruges fait face \u00e0 des d\u00e9fis de <strong>tourisme durable<\/strong> comparables \u00e0 ceux de Venise. La municipalit\u00e9 a mis en place une politique active de r\u00e9gulation des flux, de limitation des locations touristiques courte dur\u00e9e et d&rsquo;encouragement au tourisme hors-saison, afin de pr\u00e9server la qualit\u00e9 de vie des r\u00e9sidents et l&rsquo;int\u00e9grit\u00e9 du patrimoine class\u00e9.<\/p>\n    <\/div>\n\n    <!-- \u00c9conomie & port -->\n    <div class=\"brg-section\">\n      <h2>\u00c9conomie et port de Zeebrugge<\/h2>\n      <p>Si le centre historique vit largement du tourisme (quelque 6 000 emplois directs), l&rsquo;\u00e9conomie de la commune de Bruges est en r\u00e9alit\u00e9 bien plus diverse. \u00c0 quelques kilom\u00e8tres au nord, le <strong>port de Zeebrugge<\/strong> \u2014 int\u00e9gr\u00e9 au territoire communal \u2014 est l&rsquo;un des grands ports maritimes europ\u00e9ens : premier port mondial pour l&rsquo;import-export d&rsquo;automobiles, premier port europ\u00e9en pour le gaz naturel liqu\u00e9fi\u00e9 (GNL). Depuis <strong>2022<\/strong>, il a fusionn\u00e9 avec le port d&rsquo;Anvers pour former le <strong>Port of Antwerp-Bruges<\/strong>, premier ensemble portuaire europ\u00e9en pour les conteneurs. Le secteur des services, l&rsquo;enseignement (VIVES Hogeschool, Bruges accueille aussi le <strong>Coll\u00e8ge d&rsquo;Europe<\/strong>) et la sant\u00e9 contribuent \u00e9galement \u00e0 l&rsquo;\u00e9conomie locale.<\/p>\n    <\/div>\n\n    <!-- Conclusion -->\n    <div class=\"brg-conclusion\">\n      <p>Fig\u00e9e dans son \u00e2ge d&rsquo;or par le destin et le sable du Zwin, Bruges est devenue par l\u00e0 m\u00eame l&rsquo;un des conservatoires vivants les plus extraordinaires du patrimoine m\u00e9di\u00e9val europ\u00e9en. Entre les reflets gothiques dans ses canaux, les couleurs \u00e9clatantes de Van Eyck au Groeninge et l&rsquo;odeur du chocolat dans les ruelles pav\u00e9es, la <strong>Venise du Nord<\/strong> tient ses promesses \u2014 \u00e0 condition de s&rsquo;y attarder, et de pr\u00e9f\u00e9rence hors des grandes foules estivales.<\/p>\n    <\/div>\n\n    <div class=\"brg-footer\">Source : anabel.be\/web \u2014 Fiche ville Bruges<\/div>\n\n  <\/div><!-- \/.brg-body -->\n<\/div><!-- \/.brg-page -->\n\n","protected":false},"excerpt":{"rendered":"<p>Fiche ville \u00b7 Belgique BrugesLa Venise du Nord, joyau m\u00e9di\u00e9val de la Flandre Ancien carrefour commercial de l&rsquo;Europe m\u00e9di\u00e9vale, berceau des Primitifs flamands et ville la plus touristique de Belgique, Bruges a travers\u00e9 les si\u00e8cles dans un \u00e9tat de conservation exceptionnel. Ses canaux, ses fa\u00e7ades gothiques en briques et ses tr\u00e9sors artistiques en font l&rsquo;une [&hellip;]<\/p>\n","protected":false},"author":2,"featured_media":0,"comment_status":"closed","ping_status":"closed","sticky":false,"template":"","format":"standard","meta":{"_jetpack_memberships_contains_paid_content":false,"footnotes":""},"categories":[70],"tags":[41,69,57,71],"class_list":["post-732","post","type-post","status-publish","format-standard","hentry","category-decouvertes","tag-communes","tag-decouverte","tag-histoire","tag-tourisme"],"jetpack_featured_media_url":"","jetpack_sharing_enabled":true,"_links":{"self":[{"href":"https:\/\/www.anabel.be\/web\/wp-json\/wp\/v2\/posts\/732","targetHints":{"allow":["GET"]}}],"collection":[{"href":"https:\/\/www.anabel.be\/web\/wp-json\/wp\/v2\/posts"}],"about":[{"href":"https:\/\/www.anabel.be\/web\/wp-json\/wp\/v2\/types\/post"}],"author":[{"embeddable":true,"href":"https:\/\/www.anabel.be\/web\/wp-json\/wp\/v2\/users\/2"}],"replies":[{"embeddable":true,"href":"https:\/\/www.anabel.be\/web\/wp-json\/wp\/v2\/comments?post=732"}],"version-history":[{"count":1,"href":"https:\/\/www.anabel.be\/web\/wp-json\/wp\/v2\/posts\/732\/revisions"}],"predecessor-version":[{"id":733,"href":"https:\/\/www.anabel.be\/web\/wp-json\/wp\/v2\/posts\/732\/revisions\/733"}],"wp:attachment":[{"href":"https:\/\/www.anabel.be\/web\/wp-json\/wp\/v2\/media?parent=732"}],"wp:term":[{"taxonomy":"category","embeddable":true,"href":"https:\/\/www.anabel.be\/web\/wp-json\/wp\/v2\/categories?post=732"},{"taxonomy":"post_tag","embeddable":true,"href":"https:\/\/www.anabel.be\/web\/wp-json\/wp\/v2\/tags?post=732"}],"curies":[{"name":"wp","href":"https:\/\/api.w.org\/{rel}","templated":true}]}}