{"id":722,"date":"2026-04-22T20:54:43","date_gmt":"2026-04-22T18:54:43","guid":{"rendered":"https:\/\/www.anabel.be\/web\/?p=722"},"modified":"2026-04-22T20:54:44","modified_gmt":"2026-04-22T18:54:44","slug":"gand-histoire-medievale-patrimoine-et-culture-flandre-orientale","status":"publish","type":"post","link":"https:\/\/www.anabel.be\/web\/gand-histoire-medievale-patrimoine-et-culture-flandre-orientale\/","title":{"rendered":"Gand : histoire m\u00e9di\u00e9vale, patrimoine et culture | Flandre-Orientale"},"content":{"rendered":"\n<div class=\"wp-block-cover is-light wp-duotone-abb8c3-ffffff-1\"><img loading=\"lazy\" decoding=\"async\" width=\"800\" height=\"600\" class=\"wp-block-cover__image-background wp-image-687 size-full\" alt=\"Gand\" src=\"https:\/\/www.anabel.be\/web\/wp-content\/uploads\/2026\/03\/Gand-800x600-pexels.png\" data-object-fit=\"cover\" srcset=\"https:\/\/www.anabel.be\/web\/wp-content\/uploads\/2026\/03\/Gand-800x600-pexels.png 800w, https:\/\/www.anabel.be\/web\/wp-content\/uploads\/2026\/03\/Gand-800x600-pexels-300x225.png 300w, https:\/\/www.anabel.be\/web\/wp-content\/uploads\/2026\/03\/Gand-800x600-pexels-768x576.png 768w, https:\/\/www.anabel.be\/web\/wp-content\/uploads\/2026\/03\/Gand-800x600-pexels-400x300.png 400w\" sizes=\"auto, (max-width: 800px) 100vw, 800px\" \/><span aria-hidden=\"true\" class=\"wp-block-cover__background has-background-dim\" style=\"background-color:#897f81\"><\/span><div class=\"wp-block-cover__inner-container is-layout-constrained wp-block-cover-is-layout-constrained\">\n<p class=\"has-text-align-center has-large-font-size\">Sponsoring ou publicit\u00e9 ici: contactez-nous.<\/p>\n<\/div><\/div>\n\n\n\n<!-- Fiche ville : Gand \u2014 anabel.be\/web -->\n<!-- Meta title sugg\u00e9r\u00e9 : Gand : histoire m\u00e9di\u00e9vale, patrimoine et culture | Flandre-Orientale -->\n<!-- Meta description sugg\u00e9r\u00e9e : D\u00e9couvrez Gand, ancienne capitale du comt\u00e9 de Flandre : Gravensteen, Graslei, Agneau mystique de Van Eyck, Gentse Feesten, ville universitaire et gastronomie flamande. Guide complet. -->\n\n<style>\n  @import url('https:\/\/fonts.googleapis.com\/css2?family=Playfair+Display:ital,wght@0,400;0,600;0,700;1,400&family=Source+Sans+3:wght@300;400;600&display=swap');\n\n  .gnd-page {\n    font-family: 'Source Sans 3', sans-serif;\n    font-weight: 400;\n    color: #2c2c2c;\n    background: #faf8f4;\n    max-width: 860px;\n    margin: 0 auto;\n    padding: 0 0 48px 0;\n    line-height: 1.75;\n  }\n\n  \/* \u2500\u2500 Hero \u2500\u2500 *\/\n  .gnd-hero {\n    background: linear-gradient(135deg, #1a3a5c 0%, #2a5a8a 60%, #1e4a70 100%);\n    border-radius: 4px 4px 0 0;\n    padding: 40px 40px 32px 40px;\n    position: relative;\n    overflow: hidden;\n  }\n  .gnd-hero::before {\n    content: '';\n    position: absolute;\n    top: -30px; right: -30px;\n    width: 180px; height: 180px;\n    background: rgba(212, 175, 55, 0.12);\n    border-radius: 50%;\n  }\n  .gnd-hero-label {\n    font-family: 'Source Sans 3', sans-serif;\n    font-size: 11px;\n    font-weight: 600;\n    letter-spacing: 2.5px;\n    text-transform: uppercase;\n    color: #d4af37;\n    margin-bottom: 8px;\n  }\n  .gnd-hero h1 {\n    font-family: 'Playfair Display', serif;\n    font-size: clamp(22px, 4vw, 32px);\n    font-weight: 700;\n    color: #ffffff;\n    margin: 0 0 12px 0;\n    line-height: 1.25;\n  }\n  .gnd-hero-intro {\n    font-size: 14.5px;\n    color: rgba(255,255,255,0.82);\n    max-width: 620px;\n    margin: 0;\n    font-weight: 300;\n    line-height: 1.65;\n  }\n\n  \/* \u2500\u2500 Badges \u2500\u2500 *\/\n  .gnd-badges {\n    display: flex;\n    flex-wrap: wrap;\n    gap: 10px;\n    background: #1a3a5c;\n    padding: 14px 40px;\n    border-bottom: 3px solid #d4af37;\n  }\n  .gnd-badge {\n    display: flex;\n    align-items: center;\n    gap: 6px;\n    background: rgba(255,255,255,0.10);\n    border: 1px solid rgba(212,175,55,0.35);\n    border-radius: 20px;\n    padding: 4px 12px;\n    font-size: 12.5px;\n    color: #e8e0cc;\n    font-family: 'Source Sans 3', sans-serif;\n  }\n  .gnd-badge span.ico { font-size: 14px; }\n\n  \/* \u2500\u2500 Corps \u2500\u2500 *\/\n  .gnd-body {\n    padding: 36px 40px 0 40px;\n  }\n\n  \/* \u2500\u2500 Chiffres cl\u00e9s \u2500\u2500 *\/\n  .gnd-stats {\n    display: grid;\n    grid-template-columns: repeat(auto-fit, minmax(130px, 1fr));\n    gap: 12px;\n    background: #eef4fb;\n    border: 1px solid #c2d8ee;\n    border-left: 4px solid #d4af37;\n    border-radius: 4px;\n    padding: 20px 22px;\n    margin-bottom: 32px;\n  }\n  .gnd-stat-item { text-align: center; }\n  .gnd-stat-value {\n    font-family: 'Playfair Display', serif;\n    font-size: 22px;\n    font-weight: 700;\n    color: #1a3a5c;\n    display: block;\n  }\n  .gnd-stat-label {\n    font-size: 11.5px;\n    color: #556;\n    text-transform: uppercase;\n    letter-spacing: 0.8px;\n    font-weight: 600;\n  }\n\n  \/* \u2500\u2500 Sections \u2500\u2500 *\/\n  .gnd-section { margin-bottom: 36px; }\n  .gnd-section h2 {\n    font-family: 'Playfair Display', serif;\n    font-size: 20px;\n    font-weight: 700;\n    color: #1a3a5c;\n    border-bottom: 2px solid #d4af37;\n    padding-bottom: 6px;\n    margin: 0 0 18px 0;\n  }\n  .gnd-section h3 {\n    font-family: 'Playfair Display', serif;\n    font-size: 16px;\n    font-weight: 600;\n    font-style: italic;\n    color: #2a5a8a;\n    margin: 0 0 10px 0;\n  }\n  .gnd-section p {\n    font-size: 15px;\n    margin: 0 0 14px 0;\n    color: #333;\n  }\n  .gnd-section p strong { color: #1a3a5c; font-weight: 600; }\n  .gnd-section p em { color: #2a5a8a; font-style: italic; }\n\n  \/* \u2500\u2500 Liste attractions \u2500\u2500 *\/\n  .gnd-list {\n    list-style: none;\n    padding: 0;\n    margin: 0 0 14px 0;\n    display: grid;\n    grid-template-columns: repeat(auto-fit, minmax(240px, 1fr));\n    gap: 6px 16px;\n  }\n  .gnd-list li {\n    font-size: 14.5px;\n    color: #333;\n    padding: 5px 0 5px 20px;\n    position: relative;\n    border-bottom: 1px dotted #d4c88a;\n  }\n  .gnd-list li::before {\n    content: '\u25b8';\n    color: #d4af37;\n    position: absolute;\n    left: 0;\n    font-size: 12px;\n    top: 7px;\n  }\n  .gnd-list li strong { color: #1a3a5c; font-weight: 600; }\n\n  \/* \u2500\u2500 Encart highlight \u2500\u2500 *\/\n  .gnd-highlight {\n    background: #fff9ec;\n    border: 1px solid #e8d87a;\n    border-left: 4px solid #d4af37;\n    border-radius: 4px;\n    padding: 16px 20px;\n    margin-bottom: 20px;\n    font-size: 14.5px;\n    color: #443a00;\n    font-style: italic;\n    line-height: 1.65;\n  }\n\n  \/* \u2500\u2500 Double colonne \u2500\u2500 *\/\n  .gnd-duo {\n    display: grid;\n    grid-template-columns: 1fr 1fr;\n    gap: 16px;\n    margin-bottom: 16px;\n  }\n  .gnd-duo-col {\n    background: #eef4fb;\n    border: 1px solid #c2d8ee;\n    border-radius: 4px;\n    padding: 14px 16px;\n  }\n  .gnd-duo-col h4 {\n    font-family: 'Playfair Display', serif;\n    font-size: 13.5px;\n    font-weight: 600;\n    color: #1a3a5c;\n    margin: 0 0 8px 0;\n    text-transform: uppercase;\n    letter-spacing: 0.6px;\n  }\n  .gnd-duo-col p {\n    font-size: 13.5px;\n    color: #444;\n    margin: 0;\n    line-height: 1.6;\n  }\n\n  \/* \u2500\u2500 Conclusion \u2500\u2500 *\/\n  .gnd-conclusion {\n    background: linear-gradient(135deg, #1a3a5c, #2a5a8a);\n    border-radius: 4px;\n    padding: 24px 28px;\n    margin-top: 8px;\n  }\n  .gnd-conclusion p {\n    color: rgba(255,255,255,0.88);\n    font-size: 14.5px;\n    margin: 0;\n    line-height: 1.7;\n    font-style: italic;\n  }\n  .gnd-conclusion p strong { color: #d4af37; }\n\n  \/* \u2500\u2500 Footer \u2500\u2500 *\/\n  .gnd-footer {\n    margin-top: 18px;\n    padding-top: 12px;\n    border-top: 1px solid #d4c88a;\n    font-size: 11.5px;\n    color: #999;\n    text-align: right;\n    font-style: italic;\n  }\n\n  @media (max-width: 600px) {\n    .gnd-hero, .gnd-body { padding-left: 20px; padding-right: 20px; }\n    .gnd-badges { padding: 12px 20px; }\n    .gnd-duo { grid-template-columns: 1fr; }\n    .gnd-list { grid-template-columns: 1fr; }\n  }\n<\/style>\n\n<div class=\"gnd-page\">\n\n  <!-- Hero -->\n  <div class=\"gnd-hero\">\n    <div class=\"gnd-hero-label\">Fiche ville \u00b7 Belgique<\/div>\n    <h1>Gand<br><span style=\"font-size:0.6em;font-weight:400;opacity:0.85\">Ancienne capitale de Flandre, ville rebelle et \u00e9tudiante<\/span><\/h1>\n    <p class=\"gnd-hero-intro\">N\u00e9e \u00e0 la confluence de la Lys et de l&rsquo;Escaut, Gand fut au Moyen \u00c2ge l&rsquo;une des plus grandes villes d&rsquo;Europe apr\u00e8s Paris. H\u00e9riti\u00e8re d&rsquo;un patrimoine architectural exceptionnel, anim\u00e9e par 50 000 \u00e9tudiants et les <em>Gentse Feesten<\/em>, elle incarne la Flandre dans toute sa fiert\u00e9 rebelle.<\/p>\n  <\/div>\n\n  <!-- Badges -->\n  <div class=\"gnd-badges\">\n    <div class=\"gnd-badge\"><span class=\"ico\">\ud83c\udfdb\ufe0f<\/span> Chef-lieu Flandre-Orientale<\/div>\n    <div class=\"gnd-badge\"><span class=\"ico\">\ud83d\uddfa\ufe0f<\/span> Province de Flandre-Orientale<\/div>\n    <div class=\"gnd-badge\"><span class=\"ico\">\ud83d\udc65<\/span> ~272 000 hab. (commune)<\/div>\n    <div class=\"gnd-badge\"><span class=\"ico\">\ud83c\udf93<\/span> 1\u02b3\u1d49 ville \u00e9tudiante de Belgique<\/div>\n    <div class=\"gnd-badge\"><span class=\"ico\">\ud83c\udff0<\/span> 3 sites UNESCO<\/div>\n    <div class=\"gnd-badge\"><span class=\"ico\">\ud83c\udfb6<\/span> UNESCO Creative City of Music<\/div>\n  <\/div>\n\n  <!-- Corps -->\n  <div class=\"gnd-body\">\n\n    <!-- Chiffres cl\u00e9s -->\n    <div class=\"gnd-stats\">\n      <div class=\"gnd-stat-item\">\n        <span class=\"gnd-stat-value\">630<\/span>\n        <span class=\"gnd-stat-label\">Fondation (abbayes)<\/span>\n      <\/div>\n      <div class=\"gnd-stat-item\">\n        <span class=\"gnd-stat-value\">272 000<\/span>\n        <span class=\"gnd-stat-label\">Habitants (commune)<\/span>\n      <\/div>\n      <div class=\"gnd-stat-item\">\n        <span class=\"gnd-stat-value\">50 000<\/span>\n        <span class=\"gnd-stat-label\">\u00c9tudiants<\/span>\n      <\/div>\n      <div class=\"gnd-stat-item\">\n        <span class=\"gnd-stat-value\">~2 M<\/span>\n        <span class=\"gnd-stat-label\">Visiteurs Gentse Feesten<\/span>\n      <\/div>\n      <div class=\"gnd-stat-item\">\n        <span class=\"gnd-stat-value\">91 m<\/span>\n        <span class=\"gnd-stat-label\">Hauteur du beffroi<\/span>\n      <\/div>\n      <div class=\"gnd-stat-item\">\n        <span class=\"gnd-stat-value\">1432<\/span>\n        <span class=\"gnd-stat-label\">Agneau mystique (Van Eyck)<\/span>\n      <\/div>\n    <\/div>\n\n    <!-- Histoire -->\n    <div class=\"gnd-section\">\n      <h2>Histoire et patrimoine<\/h2>\n      <h3>De la confluence m\u00e9rovingienne \u00e0 la capitale du comt\u00e9 de Flandre<\/h3>\n      <p>L&rsquo;histoire de Gand remonte \u00e0 <strong>630<\/strong>, lorsque saint Amand choisit le confluent de la Lys et de l&rsquo;Escaut \u2014 <em>Ganda<\/em> en langue celte, signifiant \u00ab confluence \u00bb \u2014 pour y fonder deux abbayes, Saint-Pierre et Saint-Bavon, qui formeront les berceaux de la cit\u00e9 carolingienne. Le nom fran\u00e7ais <em>Gand<\/em> et le n\u00e9erlandais <em>Gent<\/em> d\u00e9rivent tous deux de cette racine celtique.<\/p>\n      <p>Du XII<sup>e<\/sup> au XV<sup>e<\/sup> si\u00e8cle, Gand est l&rsquo;une des villes les plus puissantes d&rsquo;Europe. Capitale de l&rsquo;ancien <strong>comt\u00e9 de Flandre<\/strong>, grande cit\u00e9 drapi\u00e8re dont la laine anglaise alimente les m\u00e9tiers \u00e0 tisser, elle compte <strong>60 000 habitants<\/strong> au XIV<sup>e<\/sup> si\u00e8cle \u2014 plus grande ville des Pays-Bas m\u00e9ridionaux et deuxi\u00e8me ville d&rsquo;Europe apr\u00e8s Paris. Cette p\u00e9riode voit aussi na\u00eetre un esprit de r\u00e9bellion caract\u00e9ristique : les guildes et les m\u00e9tiers arrachent des droits politiques aux comtes, et la ville r\u00e9siste aux souverains les plus puissants, jusqu&rsquo;\u00e0 <strong>Charles Quint<\/strong> lui-m\u00eame, qui y est n\u00e9 en <strong>1500<\/strong> et dut ch\u00e2tier ses concitoyens en 1540 \u2014 la r\u00e9pression fut si s\u00e9v\u00e8re que les Gantois furent contraints de d\u00e9filer en cort\u00e8ge, corde au cou (<em>Stroppendragers<\/em>, \u00ab porteurs de corde \u00bb), surnom dont ils s&rsquo;enorgueillissent encore.<\/p>\n      <p>La fermeture de l&rsquo;Escaut en <strong>1648<\/strong> (trait\u00e9s de Westphalie) prive Gand de son acc\u00e8s \u00e0 la mer et provoque un d\u00e9clin relatif, avant que le canal Gand-Terneuzen (inaugur\u00e9 <strong>1827<\/strong>) ne lui rende un d\u00e9bouch\u00e9 maritime. Au XIX<sup>e<\/sup> si\u00e8cle, la ville devient le <strong>premier grand p\u00f4le industriel du continent europ\u00e9en<\/strong> et le berceau du mouvement socialiste belge. Elle accueille l&rsquo;<strong>Exposition universelle de 1913<\/strong> et, depuis 1816, abrite l&rsquo;une des plus prestigieuses universit\u00e9s de Belgique.<\/p>\n\n      <h3>Un patrimoine architectural parmi les plus riches de Belgique<\/h3>\n      <p>Le centre historique de Gand concentre une densit\u00e9 de monuments m\u00e9di\u00e9vaux sans \u00e9gale en Belgique. Trois tours embl\u00e9matiques dominent la vieille ville : le <strong>beffroi<\/strong> (XIV<sup>e<\/sup> si\u00e8cle, 91 m, inscrit au patrimoine mondial de l&rsquo;<strong>UNESCO<\/strong>), l&rsquo;ancienne <strong>halle aux draps<\/strong> et la <strong>cath\u00e9drale Saint-Bavon<\/strong>. Cette derni\u00e8re, chef-d&rsquo;\u0153uvre gothique braban\u00e7on dont la construction s&rsquo;\u00e9tala sur trois si\u00e8cles, abrite le c\u00e9l\u00e9brissime <strong>retable de l&rsquo;Agneau mystique<\/strong> (1432) des fr\u00e8res <strong>Hubert et Jan Van Eyck<\/strong> \u2014 class\u00e9 au patrimoine mondial de l&rsquo;UNESCO, consid\u00e9r\u00e9 comme l&rsquo;un des chefs-d&rsquo;\u0153uvre fondateurs de la peinture occidentale et l&rsquo;\u0153uvre d&rsquo;art la plus vol\u00e9e de l&rsquo;histoire. Les quais du <strong>Graslei<\/strong> et du <strong>Korenlei<\/strong>, bord\u00e9s de fa\u00e7ades flamandes des XII<sup>e<\/sup>-XIII<sup>e<\/sup> si\u00e8cles refl\u00e9t\u00e9es dans la Lys, forment l&rsquo;une des plus belles perspectives urbaines de Belgique. Le <strong>Gravensteen<\/strong>, imposante forteresse m\u00e9di\u00e9vale des comtes de Flandre construite en <strong>1180<\/strong>, entour\u00e9e de douves, compl\u00e8te ce tableau exceptionnel.<\/p>\n\n      <div class=\"gnd-highlight\">\n        Les trois b\u00e9guinages de Gand \u2014 dont le Grand B\u00e9guinage Saint-\u00c9lisabeth, fond\u00e9 au XIII<sup>e<\/sup> si\u00e8cle \u2014 font partie du classement UNESCO des b\u00e9guinages flamands depuis <strong>1998<\/strong>. Avec le beffroi et l&rsquo;Agneau mystique, Gand cumule ainsi <strong>trois inscriptions au patrimoine mondial<\/strong>, un record pour une ville de cette taille.\n      <\/div>\n    <\/div>\n\n    <!-- Ville universitaire & \u00e9conomie -->\n    <div class=\"gnd-section\">\n      <h2>Ville universitaire et p\u00f4le \u00e9conomique<\/h2>\n      <h3>La premi\u00e8re ville \u00e9tudiante de Belgique<\/h3>\n      <p>Fond\u00e9e en <strong>1816<\/strong> sous l&rsquo;autorit\u00e9 n\u00e9erlandaise, l&rsquo;<strong>Universit\u00e9 de Gand<\/strong> (<em>Universiteit Gent<\/em>) compte aujourd&rsquo;hui pr\u00e8s de <strong>30 000 \u00e9tudiants<\/strong>. Avec la Hogeschool Gent et d&rsquo;autres \u00e9tablissements, Gand accueille au total quelque <strong>50 000 \u00e9tudiants<\/strong> sur une population de 272 000 habitants \u2014 soit pr\u00e8s d&rsquo;<strong>un habitant sur cinq<\/strong>. Ce ratio exceptionnel fait de Gand la premi\u00e8re ville \u00e9tudiante de Belgique et lui conf\u00e8re une \u00e9nergie et une cr\u00e9ativit\u00e9 qui irriguent sa vie culturelle, ses quartiers branch\u00e9s et sa sc\u00e8ne gastronomique innovante.<\/p>\n\n      <h3>Un tissu \u00e9conomique diversifi\u00e9<\/h3>\n      <p>Le <strong>port de Gand<\/strong>, troisi\u00e8me port belge, a fusionn\u00e9 en <strong>2018<\/strong> avec les ports n\u00e9erlandais de Terneuzen et de Vlissingen pour former le <strong>North Sea Port<\/strong>, sixi\u00e8me ensemble portuaire de la fa\u00e7ade atlantique europ\u00e9enne. Le long du canal Gand-Terneuzen se concentrent d&rsquo;importantes industries sid\u00e9rurgiques, chimiques et agroalimentaires. Gand est aussi reconnue comme <strong>\u00ab Creative City of Music \u00bb<\/strong> par l&rsquo;UNESCO, et plusieurs grandes entreprises du secteur des technologies et de la biotechnologie y ont \u00e9tabli leur si\u00e8ge.<\/p>\n    <\/div>\n\n    <!-- Tourisme -->\n    <div class=\"gnd-section\">\n      <h2>Tourisme et attractions incontournables<\/h2>\n      <p>Gand se visite id\u00e9alement \u00e0 pied ou \u00e0 v\u00e9lo le long de ses canaux. Moins satur\u00e9e que Bruges, elle offre un \u00e9quilibre rare entre authenticit\u00e9, vie locale et richesse patrimoniale.<\/p>\n      <ul class=\"gnd-list\">\n        <li><strong>Cath\u00e9drale Saint-Bavon<\/strong> \u2014 Agneau mystique de Van Eyck (1432)<\/li>\n        <li><strong>Beffroi de Gand<\/strong> \u2014 UNESCO, 91 m, XIV<sup>e<\/sup> si\u00e8cle<\/li>\n        <li><strong>Gravensteen<\/strong> \u2014 ch\u00e2teau des comtes de Flandre (1180)<\/li>\n        <li><strong>Graslei &amp; Korenlei<\/strong> \u2014 quais m\u00e9di\u00e9vaux et leurs reflets<\/li>\n        <li><strong>H\u00f4tel de ville<\/strong> \u2014 gothique, Renaissance et baroque m\u00eal\u00e9s<\/li>\n        <li><strong>Groot Vleeshuis<\/strong> \u2014 ancienne halle aux viandes gothique<\/li>\n        <li><strong>SMAK<\/strong> \u2014 mus\u00e9e d&rsquo;art contemporain de r\u00e9f\u00e9rence<\/li>\n        <li><strong>STAM<\/strong> \u2014 mus\u00e9e de la ville, collections interactives<\/li>\n        <li><strong>Mus\u00e9e des Beaux-Arts<\/strong> \u2014 Bosch, Fouquet, ma\u00eetres flamands<\/li>\n        <li><strong>Huis van Alijn<\/strong> \u2014 mus\u00e9e de la vie populaire flamande<\/li>\n        <li><strong>B\u00e9guinage Saint-\u00c9lisabeth<\/strong> \u2014 UNESCO, XIII<sup>e<\/sup> si\u00e8cle<\/li>\n        <li><strong>Croisi\u00e8res sur les canaux<\/strong> \u2014 depuis le Graslei ou le Korenlei<\/li>\n        <li><strong>Quartier du Patershol<\/strong> \u2014 ruelles m\u00e9di\u00e9vales, restaurants<\/li>\n        <li><strong>Vrijdagmarkt<\/strong> \u2014 place embl\u00e9matique aux pav\u00e9s historiques<\/li>\n      <\/ul>\n    <\/div>\n\n    <!-- Culture & gastronomie -->\n    <div class=\"gnd-section\">\n      <h2>Culture, f\u00eates et gastronomie<\/h2>\n      <h3>Les Gentse Feesten et une vie culturelle foisonnante<\/h3>\n      <p>Chaque ann\u00e9e, durant <strong>dix jours en juillet<\/strong>, Gand se transforme en l&rsquo;une des plus grandes f\u00eates urbaines d&rsquo;Europe : les <strong>Gentse Feesten<\/strong> (F\u00eates de Gand), qui attirent pr\u00e8s de <strong>deux millions de visiteurs<\/strong>. Musique en plein air sur une dizaine de places, th\u00e9\u00e2tre de rue, spectacles et concerts pour tous les go\u00fbts \u2014 et pour la plupart <em>enti\u00e8rement gratuits<\/em>. Tous les trois ans, la ville organise \u00e9galement le spectaculaire <strong>Festival des Lumi\u00e8res<\/strong>, qui transforme le centre historique en galerie d&rsquo;art nocturne \u00e0 ciel ouvert, avec des installations lumineuses projet\u00e9es sur les fa\u00e7ades m\u00e9di\u00e9vales.<\/p>\n      <p>La vie culturelle de Gand ne se r\u00e9sume pas \u00e0 ses festivals. L&rsquo;<strong>Op\u00e9ra royal flamand<\/strong> (NTGent), le <strong>CAMPO<\/strong> (centre de cr\u00e9ation th\u00e9\u00e2trale), le <strong>Vooruit<\/strong> (salle embl\u00e9matique du mouvement ouvrier, aujourd&rsquo;hui centre culturel), l&rsquo;<strong>AB Gent<\/strong> et de nombreuses galeries animent la ville tout au long de l&rsquo;ann\u00e9e.<\/p>\n\n      <h3>Gastronomie gantoise<\/h3>\n      <div class=\"gnd-duo\">\n        <div class=\"gnd-duo-col\">\n          <h4>\ud83c\udf7d\ufe0f Plats embl\u00e9matiques<\/h4>\n          <p>Le <strong>Gentse Waterzooi<\/strong> \u2014 rago\u00fbt cr\u00e9meux de poulet ou de poisson aux l\u00e9gumes, plat m\u00e9di\u00e9val par excellence \u2014 est l&#8217;embl\u00e8me culinaire de la ville. Le <strong>stoverij<\/strong> (carbonnade gantoise \u00e0 la bi\u00e8re brune et \u00e0 la moutarde Tierenteyn) et les <strong>moules<\/strong> en font des classiques incontournables.<\/p>\n        <\/div>\n        <div class=\"gnd-duo-col\">\n          <h4>\ud83c\udf6c Douceurs et bi\u00e8res<\/h4>\n          <p>Les <strong>cuberdons<\/strong> (<em>neuzekes<\/em>), c\u00f4nes de sucre moelleux au sirop de framboise, sont n\u00e9s \u00e0 Gand en 1873. La <strong>Gruut<\/strong>, bi\u00e8re brass\u00e9e en ville aux \u00e9pices (sans houblon), et le <strong>RoomeR<\/strong>, ap\u00e9ritif \u00e0 la fleur de sureau, sont les boissons typiquement gantoises.<\/p>\n        <\/div>\n      <\/div>\n      <p>Gand revendique fi\u00e8rement le titre de <strong>capitale v\u00e9g\u00e9tarienne de l&rsquo;Europe<\/strong>, avec une sc\u00e8ne culinaire v\u00e9g\u00e9tale particuli\u00e8rement d\u00e9velopp\u00e9e et innovante \u2014 reflet de l&rsquo;engagement environnemental de sa population \u00e9tudiante.<\/p>\n    <\/div>\n\n    <!-- Conclusion -->\n    <div class=\"gnd-conclusion\">\n      <p>M\u00e9di\u00e9vale et rebelle, \u00e9tudiante et cr\u00e9ative, Gand est peut-\u00eatre la ville belge la plus attachante pour qui prend le temps de s&rsquo;y attarder. Moins courue que Bruges, elle offre pourtant un patrimoine tout aussi saisissant \u2014 et une \u00e2me bien vivante, port\u00e9e par ses canaux, ses festivals et l&rsquo;\u00e9nergie de ses <strong>50 000 \u00e9tudiants<\/strong>. Une destination \u00e0 part enti\u00e8re, et non un simple d\u00e9tour entre Bruxelles et la mer.<\/p>\n    <\/div>\n\n    <div class=\"gnd-footer\">Source : anabel.be\/web \u2014 Fiche ville Gand<\/div>\n\n  <\/div><!-- \/.gnd-body -->\n<\/div><!-- \/.gnd-page -->\n\n","protected":false},"excerpt":{"rendered":"<p>Fiche ville \u00b7 Belgique GandAncienne capitale de Flandre, ville rebelle et \u00e9tudiante N\u00e9e \u00e0 la confluence de la Lys et de l&rsquo;Escaut, Gand fut au Moyen \u00c2ge l&rsquo;une des plus grandes villes d&rsquo;Europe apr\u00e8s Paris. H\u00e9riti\u00e8re d&rsquo;un patrimoine architectural exceptionnel, anim\u00e9e par 50 000 \u00e9tudiants et les Gentse Feesten, elle incarne la Flandre dans toute [&hellip;]<\/p>\n","protected":false},"author":2,"featured_media":0,"comment_status":"closed","ping_status":"closed","sticky":false,"template":"","format":"standard","meta":{"_jetpack_memberships_contains_paid_content":false,"footnotes":""},"categories":[70],"tags":[41,69,57,71],"class_list":["post-722","post","type-post","status-publish","format-standard","hentry","category-decouvertes","tag-communes","tag-decouverte","tag-histoire","tag-tourisme"],"jetpack_featured_media_url":"","jetpack_sharing_enabled":true,"_links":{"self":[{"href":"https:\/\/www.anabel.be\/web\/wp-json\/wp\/v2\/posts\/722","targetHints":{"allow":["GET"]}}],"collection":[{"href":"https:\/\/www.anabel.be\/web\/wp-json\/wp\/v2\/posts"}],"about":[{"href":"https:\/\/www.anabel.be\/web\/wp-json\/wp\/v2\/types\/post"}],"author":[{"embeddable":true,"href":"https:\/\/www.anabel.be\/web\/wp-json\/wp\/v2\/users\/2"}],"replies":[{"embeddable":true,"href":"https:\/\/www.anabel.be\/web\/wp-json\/wp\/v2\/comments?post=722"}],"version-history":[{"count":1,"href":"https:\/\/www.anabel.be\/web\/wp-json\/wp\/v2\/posts\/722\/revisions"}],"predecessor-version":[{"id":723,"href":"https:\/\/www.anabel.be\/web\/wp-json\/wp\/v2\/posts\/722\/revisions\/723"}],"wp:attachment":[{"href":"https:\/\/www.anabel.be\/web\/wp-json\/wp\/v2\/media?parent=722"}],"wp:term":[{"taxonomy":"category","embeddable":true,"href":"https:\/\/www.anabel.be\/web\/wp-json\/wp\/v2\/categories?post=722"},{"taxonomy":"post_tag","embeddable":true,"href":"https:\/\/www.anabel.be\/web\/wp-json\/wp\/v2\/tags?post=722"}],"curies":[{"name":"wp","href":"https:\/\/api.w.org\/{rel}","templated":true}]}}